{"id":8641,"date":"2024-09-24T14:26:43","date_gmt":"2024-09-24T14:26:43","guid":{"rendered":"https:\/\/ranpal.org\/?p=8641"},"modified":"2024-09-27T00:30:09","modified_gmt":"2024-09-27T00:30:09","slug":"planeta-guerra-y-paz-noticiero-nacional-impacto-colombiano","status":"publish","type":"post","link":"https:\/\/ranpal.org\/?p=8641","title":{"rendered":"PLANETA GUERRA Y PAZ NOTICIERO NACIONAL IMPACTO COLOMBIANO"},"content":{"rendered":"<p><strong>D<\/strong>ejamos a su mirada, disfrute y socializaci\u00f3n la presente emisi\u00f3n del <strong>Noticiero Nacional Impacto Colombiano, una producci\u00f3n del Sistena Informativo Nacional Patria Libre del ELN.<\/strong> Esta vez, le compartimos informaci\u00f3n sobre el dilema planetario ambiental, qu\u00e9 dice el <strong>Cmte Anotnio Garcia sobre el conflicto armado y la paz en Colombia,<\/strong> el pronunciamiento reciente del Frente de Guerra Oriental, conozca m\u00e1s sobre el Cmte Fabi\u00e1n, el contexto urbano y la nota internacional. \u00a1Seguimos en su compa\u00f1ia!.<\/p>\n<p><a href=\"https:\/\/radio.eln-voces.net\/public\/1\/podcast\/1ef7a82d-9389-645c-aef9-f16735212ae8\/episode\/1ef7a85a-4d6a-64da-85ca-fb87d3d4347f\" rel=\"noopener\" target=\"_blank\">ESCUCHE Y DESCARGUE EL NOTICIERO DESDE AZURACASTT<\/a><\/p>\n<p><strong>Ranpal \u00abVoz y sentir del pueblo colombiano\u00bb.<\/strong><br \/>\nBogot\u00e1 martes 24 septiembre 2024.<br \/>\n<strong>\u00a1Palestina Libre!<\/strong><\/p>\n<p><iframe src=\"https:\/\/www.ivoox.com\/player_ej_134229686_6_1.html?c1=e5a50a\" width=\"100%\" height=\"200\" frameborder=\"0\" allowfullscreen=\"\" scrolling=\"no\" loading=\"lazy\"><\/iframe><\/p>\n","protected":false},"excerpt":{"rendered":"<p>Dejamos a su mirada, disfrute y socializaci\u00f3n la presente emisi\u00f3n del Noticiero Nacional Impacto Colombiano,<\/p>\n","protected":false},"author":2,"featured_media":0,"comment_status":"open","ping_status":"open","sticky":false,"template":"","format":"standard","meta":{"h5ap_radio_sources":[],"footnotes":""},"categories":[557],"tags":[586,560,559,320],"class_list":["post-8641","post","type-post","status-publish","format-standard","hentry","category-noticiero-impacto-colombiano","tag-audio","tag-eln-60-anos","tag-impacto-colombiano","tag-noticias"],"_links":{"self":[{"href":"https:\/\/ranpal.org\/index.php?rest_route=\/wp\/v2\/posts\/8641","targetHints":{"allow":["GET"]}}],"collection":[{"href":"https:\/\/ranpal.org\/index.php?rest_route=\/wp\/v2\/posts"}],"about":[{"href":"https:\/\/ranpal.org\/index.php?rest_route=\/wp\/v2\/types\/post"}],"author":[{"embeddable":true,"href":"https:\/\/ranpal.org\/index.php?rest_route=\/wp\/v2\/users\/2"}],"replies":[{"embeddable":true,"href":"https:\/\/ranpal.org\/index.php?rest_route=%2Fwp%2Fv2%2Fcomments&post=8641"}],"version-history":[{"count":8,"href":"https:\/\/ranpal.org\/index.php?rest_route=\/wp\/v2\/posts\/8641\/revisions"}],"predecessor-version":[{"id":8660,"href":"https:\/\/ranpal.org\/index.php?rest_route=\/wp\/v2\/posts\/8641\/revisions\/8660"}],"wp:attachment":[{"href":"https:\/\/ranpal.org\/index.php?rest_route=%2Fwp%2Fv2%2Fmedia&parent=8641"}],"wp:term":[{"taxonomy":"category","embeddable":true,"href":"https:\/\/ranpal.org\/index.php?rest_route=%2Fwp%2Fv2%2Fcategories&post=8641"},{"taxonomy":"post_tag","embeddable":true,"href":"https:\/\/ranpal.org\/index.php?rest_route=%2Fwp%2Fv2%2Ftags&post=8641"}],"curies":[{"name":"wp","href":"https:\/\/api.w.org\/{rel}","templated":true}]}}