{"id":8666,"date":"2024-10-01T13:28:16","date_gmt":"2024-10-01T13:28:16","guid":{"rendered":"https:\/\/ranpal.org\/?p=8666"},"modified":"2024-10-01T14:36:14","modified_gmt":"2024-10-01T14:36:14","slug":"empresas-de-la-comunicacion-cuanto-factura-noticiero-nacional-impacto-colombiano","status":"publish","type":"post","link":"https:\/\/ranpal.org\/?p=8666","title":{"rendered":"EMPRESAS DE LA COMUNICACI\u00d3N \u00bfCU\u00c1NTO FACTURAN? NOTICIERO NACIONAL IMPACTO COLOMBIANO"},"content":{"rendered":"<p><strong>L<\/strong>es dejamos a su alcance y disfrute el episodio n\u00famero 16 del <strong>Noticiero Nacional Impacto Colombiano, voces elenas informando desde las ra\u00edces populares. <\/strong>En esta emisi\u00f3n el Editorial semanal de la Revista Insurrecci\u00f3n n\u00famero 967, \u00abLa Cruda Realidad\u00bb escrito por el Cmte Antonio Garcia, testimonios de la vida de los <strong>Comandantes Fabi\u00e1n y Jos\u00e9 Manuel Mart\u00ednez,<\/strong> informe de las regiones, contexto urbano y mucho m\u00e1s.<br \/>\n<strong><\/p>\n<p><a href=\"https:\/\/radio.eln-voces.net\/public\/1\/podcast\/1ef7ff9b-9a4f-6424-a354-2f782f65db33\/episode\/1ef80009-1abf-6164-b60a-1b8046f6f406\" rel=\"noopener\" target=\"_blank\">ESCUCHE Y DESCARGUE EL NOTICIERO DESDE AZURACAST<\/a><\/p>\n<p>Ranpal \u00abVoz y sentir del Pueblo Colombiano\u00bb.<\/strong><br \/>\nBogot\u00e1 martes 01 octubre 2024.<br \/>\n\u00a1Palestina Libre!<\/p>\n<p><iframe src=\"https:\/\/www.ivoox.com\/player_ej_134380404_6_1.html?c1=ed333b\" width=\"100%\" height=\"200\" frameborder=\"0\" allowfullscreen=\"\" scrolling=\"no\" loading=\"lazy\"><\/iframe><\/p>\n","protected":false},"excerpt":{"rendered":"<p>Les dejamos a su alcance y disfrute el episodio n\u00famero 16 del Noticiero Nacional Impacto<\/p>\n","protected":false},"author":2,"featured_media":0,"comment_status":"open","ping_status":"open","sticky":false,"template":"","format":"standard","meta":{"h5ap_radio_sources":[],"footnotes":""},"categories":[557],"tags":[133,559,320,589,588],"class_list":["post-8666","post","type-post","status-publish","format-standard","hentry","category-noticiero-impacto-colombiano","tag-colombia","tag-impacto-colombiano","tag-noticias","tag-regiones","tag-voces-populares"],"_links":{"self":[{"href":"https:\/\/ranpal.org\/index.php?rest_route=\/wp\/v2\/posts\/8666","targetHints":{"allow":["GET"]}}],"collection":[{"href":"https:\/\/ranpal.org\/index.php?rest_route=\/wp\/v2\/posts"}],"about":[{"href":"https:\/\/ranpal.org\/index.php?rest_route=\/wp\/v2\/types\/post"}],"author":[{"embeddable":true,"href":"https:\/\/ranpal.org\/index.php?rest_route=\/wp\/v2\/users\/2"}],"replies":[{"embeddable":true,"href":"https:\/\/ranpal.org\/index.php?rest_route=%2Fwp%2Fv2%2Fcomments&post=8666"}],"version-history":[{"count":9,"href":"https:\/\/ranpal.org\/index.php?rest_route=\/wp\/v2\/posts\/8666\/revisions"}],"predecessor-version":[{"id":8678,"href":"https:\/\/ranpal.org\/index.php?rest_route=\/wp\/v2\/posts\/8666\/revisions\/8678"}],"wp:attachment":[{"href":"https:\/\/ranpal.org\/index.php?rest_route=%2Fwp%2Fv2%2Fmedia&parent=8666"}],"wp:term":[{"taxonomy":"category","embeddable":true,"href":"https:\/\/ranpal.org\/index.php?rest_route=%2Fwp%2Fv2%2Fcategories&post=8666"},{"taxonomy":"post_tag","embeddable":true,"href":"https:\/\/ranpal.org\/index.php?rest_route=%2Fwp%2Fv2%2Ftags&post=8666"}],"curies":[{"name":"wp","href":"https:\/\/api.w.org\/{rel}","templated":true}]}}