{"id":8776,"date":"2024-10-22T21:23:55","date_gmt":"2024-10-22T21:23:55","guid":{"rendered":"https:\/\/ranpal.org\/?p=8776"},"modified":"2024-10-23T20:47:01","modified_gmt":"2024-10-23T20:47:01","slug":"comandante-pablo-beltran-en-exclusiva-para-el-noticiero-nacional-impacto-colombiano","status":"publish","type":"post","link":"https:\/\/ranpal.org\/?p=8776","title":{"rendered":"COMANDANTE PABLO BELTR\u00c1N EN EXCLUSIVA PARA EL NOTICIERO NACIONAL IMPACTO COLOMBIANO"},"content":{"rendered":"<p><strong>O<\/strong>tra emisi\u00f3n del Noticiero Nacional Impacto Colombiano en el cual nuestros periodistas populares y corresponsales muestran el pa\u00eds de la periferia y los hechos nacionales con mirada cr\u00edtica y anal\u00edtica. <strong>Les dejamos de manera exclusiva, la entrevista que nuestro Comandante Pablo Beltr\u00e1n concedi\u00f3 al Noticiero, el editorial de la Revista semanal Insurrecci\u00f3n n\u00famero 970 <\/strong>y extrenamos una nueva secci\u00f3n con nuestros corresponsales de guerra.<\/p>\n<p><a href=\"https:\/\/radio.eln-voces.net\/public\/1\/podcast\/1ef90bd6-f7fb-699a-bd6d-8dbbde781886\/episode\/1ef90c44-bf77-6b3c-9ac9-834dd8a28b02\" rel=\"noopener\" target=\"_blank\">ESCUCHAR Y DESCARGAR AUDIO DESDE AZURACAST<\/a><\/p>\n<p><strong>Ranpal \u00abcomunicaci\u00f3n para la emancipaci\u00f3n popular\u00bb<\/strong><br \/>\nBogot\u00e1 martes 22 octubre 2024.<br \/>\n<strong>\u00a1Palestina Libre!<\/strong><\/p>\n<p><iframe src=\"https:\/\/www.ivoox.com\/player_ej_135162899_6_1.html?c1=ed333b\" width=\"100%\" height=\"200\" frameborder=\"0\" allowfullscreen=\"\" scrolling=\"no\" loading=\"lazy\"><\/iframe><\/p>\n","protected":false},"excerpt":{"rendered":"<p>Otra emisi\u00f3n del Noticiero Nacional Impacto Colombiano en el cual nuestros periodistas populares y corresponsales<\/p>\n","protected":false},"author":2,"featured_media":0,"comment_status":"open","ping_status":"open","sticky":false,"template":"","format":"standard","meta":{"h5ap_radio_sources":[],"footnotes":""},"categories":[557],"tags":[542,593,138],"class_list":["post-8776","post","type-post","status-publish","format-standard","hentry","category-noticiero-impacto-colombiano","tag-cmte-pablo-beltran","tag-noticiero-nacional","tag-paz"],"_links":{"self":[{"href":"https:\/\/ranpal.org\/index.php?rest_route=\/wp\/v2\/posts\/8776","targetHints":{"allow":["GET"]}}],"collection":[{"href":"https:\/\/ranpal.org\/index.php?rest_route=\/wp\/v2\/posts"}],"about":[{"href":"https:\/\/ranpal.org\/index.php?rest_route=\/wp\/v2\/types\/post"}],"author":[{"embeddable":true,"href":"https:\/\/ranpal.org\/index.php?rest_route=\/wp\/v2\/users\/2"}],"replies":[{"embeddable":true,"href":"https:\/\/ranpal.org\/index.php?rest_route=%2Fwp%2Fv2%2Fcomments&post=8776"}],"version-history":[{"count":4,"href":"https:\/\/ranpal.org\/index.php?rest_route=\/wp\/v2\/posts\/8776\/revisions"}],"predecessor-version":[{"id":8787,"href":"https:\/\/ranpal.org\/index.php?rest_route=\/wp\/v2\/posts\/8776\/revisions\/8787"}],"wp:attachment":[{"href":"https:\/\/ranpal.org\/index.php?rest_route=%2Fwp%2Fv2%2Fmedia&parent=8776"}],"wp:term":[{"taxonomy":"category","embeddable":true,"href":"https:\/\/ranpal.org\/index.php?rest_route=%2Fwp%2Fv2%2Fcategories&post=8776"},{"taxonomy":"post_tag","embeddable":true,"href":"https:\/\/ranpal.org\/index.php?rest_route=%2Fwp%2Fv2%2Ftags&post=8776"}],"curies":[{"name":"wp","href":"https:\/\/api.w.org\/{rel}","templated":true}]}}