{"id":8843,"date":"2024-11-14T12:29:48","date_gmt":"2024-11-14T12:29:48","guid":{"rendered":"https:\/\/ranpal.org\/?p=8843"},"modified":"2024-11-15T02:24:59","modified_gmt":"2024-11-15T02:24:59","slug":"paz-con-transformaciones-y-comunicado-del-fgoccidental","status":"publish","type":"post","link":"https:\/\/ranpal.org\/?p=8843","title":{"rendered":"PAZ CON TRANSFORMACIONES Y COMUNICADO DEL FGOCCIDENTAL"},"content":{"rendered":"<p><strong>AVANCE INFORMATIVO DEL NOTICIERO NACIONAL IMPACTO COLOMBIANO.<\/strong><\/p>\n<p><strong>D<\/strong>eclaraciones del Comandante Pablo Beltr\u00e1n, Jefe de la Delegaci\u00f3n de Di\u00e1logos del ELN, sobre c\u00f3mo ven el conjunto del proceso de paz en que \u00abestamos trabajando desde hace 2 a\u00f1os con el gobierno de Gustavo Petro\u00bb <\/strong>y les compartimos el comunicado del Frente de Guerra Occidental Ogli Padilla Comandante Fabi\u00e1n autorizando un corredor humanitario en la subregi\u00f3n del San Juan, Choc\u00f3.<\/p>\n<p><a href=\"https:\/\/radio.eln-voces.net\/public\/1\/podcast\/1efa2894-982f-6c4c-a239-f92c4f7f3671\/episode\/1efa28c3-2ba7-6352-9e1a-fb667eb113ca\" target=\"_blank\">ESCUCHE Y DESCARGUE AUDIO DESDE AZURACAST<\/a><\/p>\n<p><strong><br \/>\nRanpal \u00abVoz y sentir del pueblo colombiano\u00bb.<\/strong><br \/>\nBogot\u00e1 jueves 14 noviembre 2024.<br \/>\n<strong>\u00a1Palestina Libre!<\/strong><\/p>\n<p><iframe src=\"https:\/\/www.ivoox.com\/player_ej_135915626_6_1.html?c1=ed333b\" width=\"100%\" height=\"200\" frameborder=\"0\" allowfullscreen=\"\" scrolling=\"no\" loading=\"lazy\"><\/iframe><\/p>\n","protected":false},"excerpt":{"rendered":"<p>AVANCE INFORMATIVO DEL NOTICIERO NACIONAL IMPACTO COLOMBIANO. Declaraciones del Comandante Pablo Beltr\u00e1n, Jefe de la<\/p>\n","protected":false},"author":2,"featured_media":8844,"comment_status":"open","ping_status":"open","sticky":false,"template":"","format":"standard","meta":{"h5ap_radio_sources":[],"footnotes":""},"categories":[597],"tags":[598,341,593,138],"class_list":["post-8843","post","type-post","status-publish","format-standard","has-post-thumbnail","hentry","category-avance-informativo","tag-avance","tag-comunicado-fgocc","tag-noticiero-nacional","tag-paz"],"_links":{"self":[{"href":"https:\/\/ranpal.org\/index.php?rest_route=\/wp\/v2\/posts\/8843","targetHints":{"allow":["GET"]}}],"collection":[{"href":"https:\/\/ranpal.org\/index.php?rest_route=\/wp\/v2\/posts"}],"about":[{"href":"https:\/\/ranpal.org\/index.php?rest_route=\/wp\/v2\/types\/post"}],"author":[{"embeddable":true,"href":"https:\/\/ranpal.org\/index.php?rest_route=\/wp\/v2\/users\/2"}],"replies":[{"embeddable":true,"href":"https:\/\/ranpal.org\/index.php?rest_route=%2Fwp%2Fv2%2Fcomments&post=8843"}],"version-history":[{"count":6,"href":"https:\/\/ranpal.org\/index.php?rest_route=\/wp\/v2\/posts\/8843\/revisions"}],"predecessor-version":[{"id":8853,"href":"https:\/\/ranpal.org\/index.php?rest_route=\/wp\/v2\/posts\/8843\/revisions\/8853"}],"wp:featuredmedia":[{"embeddable":true,"href":"https:\/\/ranpal.org\/index.php?rest_route=\/wp\/v2\/media\/8844"}],"wp:attachment":[{"href":"https:\/\/ranpal.org\/index.php?rest_route=%2Fwp%2Fv2%2Fmedia&parent=8843"}],"wp:term":[{"taxonomy":"category","embeddable":true,"href":"https:\/\/ranpal.org\/index.php?rest_route=%2Fwp%2Fv2%2Fcategories&post=8843"},{"taxonomy":"post_tag","embeddable":true,"href":"https:\/\/ranpal.org\/index.php?rest_route=%2Fwp%2Fv2%2Ftags&post=8843"}],"curies":[{"name":"wp","href":"https:\/\/api.w.org\/{rel}","templated":true}]}}