{"id":8930,"date":"2024-11-26T14:20:54","date_gmt":"2024-11-26T14:20:54","guid":{"rendered":"https:\/\/ranpal.org\/?p=8930"},"modified":"2024-11-26T22:01:47","modified_gmt":"2024-11-26T22:01:47","slug":"eln-siempre-ha-tenido-voluntad-de-paz-cmte-pablo-beltran-noticiero-nacional-impacto-colombiano","status":"publish","type":"post","link":"https:\/\/ranpal.org\/?p=8930","title":{"rendered":"ELN SIEMPRE HA TENIDO VOLUNTAD DE PAZ: CMTE PABLO BELTR\u00c1N. NOTICIERO NACIONAL IMPACTO COLOMBIANO"},"content":{"rendered":"<p><strong>D<\/strong>ejamos a su disfrute la emisi\u00f3n <strong>n\u00famero 24 del Noticiero Nacional Impacto Colombiano, una producci\u00f3n del Sistema Informativo Nacional Patria Libre <\/strong>(Sinpal) del Ej\u00e9rcito de Liberaci\u00f3n Nacional de Colombia. Editorial de la Revista Insurrecci\u00f3n Nro 975, la columna del Cmte Antonio Garcia, las notas regionales sobre la violencia contra la mujer, <strong>la reciente entrevista al Cmte Pablo Beltr\u00e1n por un medio comercial<\/strong>, Contexto Urbano, comunicados e informes de seguridad.<\/p>\n<p><a href=\"https:\/\/radio.eln-voces.net\/public\/1\/podcast\/1efac029-ed96-66f4-821e-4d0098e7fdc8\/episode\/1efac0d8-7a4c-61da-8222-5f1d61aaf0e0\" target=\"_blank\">ESCUCHE  Y COMPARTA AUDIO DESDE AZURACAST<\/a><br \/>\n <strong><br \/>\n Ranpal \u00abComunicaci\u00f3n para la emancipaci\u00f3n\u00bb.<\/strong><br \/>\n Bogot\u00e1 martes 26 noviembre 2024.<br \/>\n<strong> \u00a1Palestina Libre!<\/strong><\/p>\n<p><iframe src=\"https:\/\/www.ivoox.com\/player_ej_136310304_6_1.html?c1=ed333b\" width=\"100%\" height=\"200\" frameborder=\"0\" allowfullscreen=\"\" scrolling=\"no\" loading=\"lazy\"><\/iframe><\/p>\n","protected":false},"excerpt":{"rendered":"<p>Dejamos a su disfrute la emisi\u00f3n n\u00famero 24 del Noticiero Nacional Impacto Colombiano, una producci\u00f3n<\/p>\n","protected":false},"author":2,"featured_media":0,"comment_status":"open","ping_status":"open","sticky":false,"template":"","format":"standard","meta":{"h5ap_radio_sources":[],"footnotes":""},"categories":[557],"tags":[26,330,593],"class_list":["post-8930","post","type-post","status-publish","format-standard","hentry","category-noticiero-impacto-colombiano","tag-cmte-beltran","tag-colombia-eln","tag-noticiero-nacional"],"_links":{"self":[{"href":"https:\/\/ranpal.org\/index.php?rest_route=\/wp\/v2\/posts\/8930","targetHints":{"allow":["GET"]}}],"collection":[{"href":"https:\/\/ranpal.org\/index.php?rest_route=\/wp\/v2\/posts"}],"about":[{"href":"https:\/\/ranpal.org\/index.php?rest_route=\/wp\/v2\/types\/post"}],"author":[{"embeddable":true,"href":"https:\/\/ranpal.org\/index.php?rest_route=\/wp\/v2\/users\/2"}],"replies":[{"embeddable":true,"href":"https:\/\/ranpal.org\/index.php?rest_route=%2Fwp%2Fv2%2Fcomments&post=8930"}],"version-history":[{"count":6,"href":"https:\/\/ranpal.org\/index.php?rest_route=\/wp\/v2\/posts\/8930\/revisions"}],"predecessor-version":[{"id":8946,"href":"https:\/\/ranpal.org\/index.php?rest_route=\/wp\/v2\/posts\/8930\/revisions\/8946"}],"wp:attachment":[{"href":"https:\/\/ranpal.org\/index.php?rest_route=%2Fwp%2Fv2%2Fmedia&parent=8930"}],"wp:term":[{"taxonomy":"category","embeddable":true,"href":"https:\/\/ranpal.org\/index.php?rest_route=%2Fwp%2Fv2%2Fcategories&post=8930"},{"taxonomy":"post_tag","embeddable":true,"href":"https:\/\/ranpal.org\/index.php?rest_route=%2Fwp%2Fv2%2Ftags&post=8930"}],"curies":[{"name":"wp","href":"https:\/\/api.w.org\/{rel}","templated":true}]}}