{"id":8947,"date":"2024-11-28T04:02:45","date_gmt":"2024-11-28T04:02:45","guid":{"rendered":"https:\/\/ranpal.org\/?p=8947"},"modified":"2025-05-06T16:32:50","modified_gmt":"2025-05-06T16:32:50","slug":"gaza-el-espiritu-de-la-resistencia","status":"publish","type":"post","link":"https:\/\/ranpal.org\/?p=8947","title":{"rendered":"GAZA: EL ESP\u00cdRITU DE LA RESISTENCIA"},"content":{"rendered":"<p>                        <a href='https:\/\/postimg.cc\/mzrcY5yt' target='_blank'><img src='https:\/\/i.postimg.cc\/rm1Sk6dC\/GAZA.jpg' border='0' alt='GAZA'\/><\/a><\/p>\n<p><strong>E<\/strong>scrito por el <strong>Comandante Antonio Garcia, primer responsable del Ej\u00e9rcito de Liberaci\u00f3n Nacional y publicado este 25 de Noviembre del 2024 en el portal <a href=\"https:\/\/medium.com\/la-tiza\/gaza-el-esp%C3%ADritu-de-la-resistencia-00409a244e1c\" target=\"_blank\"> La Tizza.Cu<\/a><\/strong><br \/>\n\u00abEl genocidio israel\u00ed no puede entenderse de manera aislada de la pol\u00edtica estadounidense. <strong>La resistencia, ya sea en Gaza o en la Am\u00e9rica Latina, enfrenta un mismo sistema hegem\u00f3nico.<\/strong> La lucha por la dignidad y la autodeterminaci\u00f3n de los pueblos trasciende fronteras y une las luchas de liberaci\u00f3n\u00bb.<\/p>\n<p><a href=\"https:\/\/radio.eln-voces.net\/public\/1\/podcast\/1efad3c0-2c72-6a68-ab1b-33ff21eb3d43\/episode\/1efad3c3-5ab2-6a4c-b1cb-cd15e34e9563\" target=\"_blank\">ESCUCHE Y DESCARGUE AUDIO DESDE AZURACAST<\/a><br \/>\n<strong><br \/>\nRanpal \u00abVoz y sentir del pueblo colombiano\u00bb.<\/strong><br \/>\nBogot\u00e1 jueves 28 noviembre 2024<br \/>\n<strong>\u00a1Palestina Libre!<\/strong><\/p>\n<p><iframe src=\"https:\/\/www.ivoox.com\/player_ej_136366476_6_1.html?c1=ed333b\" width=\"100%\" height=\"200\" frameborder=\"0\" allowfullscreen=\"\" scrolling=\"no\" loading=\"lazy\"><\/iframe><\/p>\n","protected":false},"excerpt":{"rendered":"<p>Escrito por el Comandante Antonio Garcia, primer responsable del Ej\u00e9rcito de Liberaci\u00f3n Nacional y publicado<\/p>\n","protected":false},"author":2,"featured_media":0,"comment_status":"open","ping_status":"open","sticky":false,"template":"","format":"standard","meta":{"h5ap_radio_sources":[],"footnotes":""},"categories":[449],"tags":[210,330,601,602],"class_list":["post-8947","post","type-post","status-publish","format-standard","hentry","category-https-eln-voces-net-2025-07-28-gentrificacion-otra-cara-del-despojo-noticiero-impacto-colombiano","tag-cmte-antonio-garcia","tag-colombia-eln","tag-gaza","tag-resistencia"],"_links":{"self":[{"href":"https:\/\/ranpal.org\/index.php?rest_route=\/wp\/v2\/posts\/8947","targetHints":{"allow":["GET"]}}],"collection":[{"href":"https:\/\/ranpal.org\/index.php?rest_route=\/wp\/v2\/posts"}],"about":[{"href":"https:\/\/ranpal.org\/index.php?rest_route=\/wp\/v2\/types\/post"}],"author":[{"embeddable":true,"href":"https:\/\/ranpal.org\/index.php?rest_route=\/wp\/v2\/users\/2"}],"replies":[{"embeddable":true,"href":"https:\/\/ranpal.org\/index.php?rest_route=%2Fwp%2Fv2%2Fcomments&post=8947"}],"version-history":[{"count":6,"href":"https:\/\/ranpal.org\/index.php?rest_route=\/wp\/v2\/posts\/8947\/revisions"}],"predecessor-version":[{"id":9351,"href":"https:\/\/ranpal.org\/index.php?rest_route=\/wp\/v2\/posts\/8947\/revisions\/9351"}],"wp:attachment":[{"href":"https:\/\/ranpal.org\/index.php?rest_route=%2Fwp%2Fv2%2Fmedia&parent=8947"}],"wp:term":[{"taxonomy":"category","embeddable":true,"href":"https:\/\/ranpal.org\/index.php?rest_route=%2Fwp%2Fv2%2Fcategories&post=8947"},{"taxonomy":"post_tag","embeddable":true,"href":"https:\/\/ranpal.org\/index.php?rest_route=%2Fwp%2Fv2%2Ftags&post=8947"}],"curies":[{"name":"wp","href":"https:\/\/api.w.org\/{rel}","templated":true}]}}