{"id":9014,"date":"2024-12-26T14:38:48","date_gmt":"2024-12-26T14:38:48","guid":{"rendered":"https:\/\/ranpal.org\/?p=9014"},"modified":"2024-12-26T15:22:24","modified_gmt":"2024-12-26T15:22:24","slug":"navidad-y-fin-de-ano-saludo-del-ejercito-de-liberacion-nacional","status":"publish","type":"post","link":"https:\/\/ranpal.org\/?p=9014","title":{"rendered":"NAVIDAD Y FIN DE A\u00d1O. SALUDO DEL EJ\u00c9RCITO DE LIBERACI\u00d3N NACIONAL"},"content":{"rendered":"<p><strong>L<\/strong>a <strong>Direcci\u00f3n Nacional del Ej\u00e9rcito de Liberaci\u00f3n Nacional (ELN) les hace llegar un saludo solidario y de esperanza en estas festividades navide\u00f1as y de fin de a\u00f1o<\/strong>, a Colombia, a todos los pueblos del continenente y del mundo, fechas en que se cierra un ciclo de luchas de resistencia y se abre otro de esperanzas.<\/p>\n<p><a href=\"https:\/\/radio.eln-voces.net\/public\/1\/podcast\/1efc3979-cbc9-69ca-a206-6f1801a9baa7\/episode\/1efc3982-7351-68e8-bd0b-c7335c0c0ed5\" target=\"_blank\">ESCUCHE Y COMPARTA EL AUDIO DESDE AZURACAST<\/a><\/p>\n<p><strong>Ranpal \u00abComunicaci\u00f3n popular e insurgente\u00bb.<\/strong><br \/>\nBogot\u00e1 jueves 26 de Diciembre 2024.<br \/>\n<strong>\u00a1Palestina Libre!<\/strong><\/p>\n<p><iframe src=\"https:\/\/www.ivoox.com\/player_ej_137248510_6_1.html?c1=f66151\" width=\"100%\" height=\"200\" frameborder=\"0\" allowfullscreen=\"\" scrolling=\"no\" loading=\"lazy\"><\/iframe><\/p>\n","protected":false},"excerpt":{"rendered":"<p>La Direcci\u00f3n Nacional del Ej\u00e9rcito de Liberaci\u00f3n Nacional (ELN) les hace llegar un saludo solidario<\/p>\n","protected":false},"author":2,"featured_media":0,"comment_status":"open","ping_status":"open","sticky":false,"template":"","format":"standard","meta":{"h5ap_radio_sources":[],"footnotes":""},"categories":[456,521],"tags":[510,601,606,605],"class_list":["post-9014","post","type-post","status-publish","format-standard","hentry","category-comunicados-coce","category-direccion-nacional-eln","tag-coce-eln","tag-gaza","tag-pobreza","tag-saludo-fin-de-ano"],"_links":{"self":[{"href":"https:\/\/ranpal.org\/index.php?rest_route=\/wp\/v2\/posts\/9014","targetHints":{"allow":["GET"]}}],"collection":[{"href":"https:\/\/ranpal.org\/index.php?rest_route=\/wp\/v2\/posts"}],"about":[{"href":"https:\/\/ranpal.org\/index.php?rest_route=\/wp\/v2\/types\/post"}],"author":[{"embeddable":true,"href":"https:\/\/ranpal.org\/index.php?rest_route=\/wp\/v2\/users\/2"}],"replies":[{"embeddable":true,"href":"https:\/\/ranpal.org\/index.php?rest_route=%2Fwp%2Fv2%2Fcomments&post=9014"}],"version-history":[{"count":4,"href":"https:\/\/ranpal.org\/index.php?rest_route=\/wp\/v2\/posts\/9014\/revisions"}],"predecessor-version":[{"id":9020,"href":"https:\/\/ranpal.org\/index.php?rest_route=\/wp\/v2\/posts\/9014\/revisions\/9020"}],"wp:attachment":[{"href":"https:\/\/ranpal.org\/index.php?rest_route=%2Fwp%2Fv2%2Fmedia&parent=9014"}],"wp:term":[{"taxonomy":"category","embeddable":true,"href":"https:\/\/ranpal.org\/index.php?rest_route=%2Fwp%2Fv2%2Fcategories&post=9014"},{"taxonomy":"post_tag","embeddable":true,"href":"https:\/\/ranpal.org\/index.php?rest_route=%2Fwp%2Fv2%2Ftags&post=9014"}],"curies":[{"name":"wp","href":"https:\/\/api.w.org\/{rel}","templated":true}]}}