{"id":9066,"date":"2025-01-18T03:13:21","date_gmt":"2025-01-18T03:13:21","guid":{"rendered":"https:\/\/ranpal.org\/?p=9066"},"modified":"2025-01-18T03:55:34","modified_gmt":"2025-01-18T03:55:34","slug":"comunicado-publico-del-frente-de-guerra-nororiental-eln","status":"publish","type":"post","link":"https:\/\/ranpal.org\/?p=9066","title":{"rendered":"COMUNICADO P\u00daBLICO DEL FRENTE DE GUERRA NORORIENTAL ELN"},"content":{"rendered":"<p><strong>Avance informativo del Noticiero Nacional Impacto Colombiano en su emisi\u00f3n n\u00famero 31.<\/strong> Damos a conocer el reciente comunicado p\u00fablico que la Direcci\u00f3n del Frente de Guerra Nororiental Cmte en Jefe Manuela P\u00e9rez del <strong>ELN emiti\u00f3 en relaci\u00f3n con la mentira y tergiveraci\u00f3n medi\u00e1tica, gubernamnetal y de las FFAA de la oligarqu\u00eda colombiana alrededor de los hechos recientes del conflicto armado,<\/strong> social y econ\u00f3mico en el Catatumbo, Norte de Santander. Asimismo compartimos nota de la Radio Insurrecci\u00f3n Karibe\u00f1a del Frente de Guerra Norte.<\/p>\n<p><a href=\"https:\/\/radio.eln-voces.net\/public\/1\/podcast\/1efd54a6-7d4c-6e7a-a3e9-4ffbf96465e8\/episode\/1efd54b3-1f48-607e-9f8b-a13b29684fac\" target=\"_blank\">ESCUCHAR Y DESCARGAR AUDIO DESDE AZURACAST<\/a><\/p>\n<p><strong>Ranpal \u00abComunicaci\u00f3n insurgente para la emancipaci\u00f3n popular\u00bb.<\/strong><br \/>\nBogot\u00e1 viernes 17 enero 2024.<br \/>\n<strong>\u00a1Palestina Libre!<\/strong><\/p>\n<p><iframe src=\"https:\/\/www.ivoox.com\/player_ej_137885444_6_1.html?c1=ed333b\" width=\"100%\" height=\"200\" frameborder=\"0\" allowfullscreen=\"\" scrolling=\"no\" loading=\"lazy\"><\/iframe><\/p>\n","protected":false},"excerpt":{"rendered":"<p>Avance informativo del Noticiero Nacional Impacto Colombiano en su emisi\u00f3n n\u00famero 31. Damos a conocer<\/p>\n","protected":false},"author":2,"featured_media":0,"comment_status":"open","ping_status":"open","sticky":false,"template":"","format":"standard","meta":{"h5ap_radio_sources":[],"footnotes":""},"categories":[458],"tags":[610,228,611,319,560],"class_list":["post-9066","post","type-post","status-publish","format-standard","hentry","category-frentes-de-guerra-eln","tag-avance-informativo","tag-catatumbo","tag-comunicado-fgno","tag-conflicto","tag-eln-60-anos"],"_links":{"self":[{"href":"https:\/\/ranpal.org\/index.php?rest_route=\/wp\/v2\/posts\/9066","targetHints":{"allow":["GET"]}}],"collection":[{"href":"https:\/\/ranpal.org\/index.php?rest_route=\/wp\/v2\/posts"}],"about":[{"href":"https:\/\/ranpal.org\/index.php?rest_route=\/wp\/v2\/types\/post"}],"author":[{"embeddable":true,"href":"https:\/\/ranpal.org\/index.php?rest_route=\/wp\/v2\/users\/2"}],"replies":[{"embeddable":true,"href":"https:\/\/ranpal.org\/index.php?rest_route=%2Fwp%2Fv2%2Fcomments&post=9066"}],"version-history":[{"count":4,"href":"https:\/\/ranpal.org\/index.php?rest_route=\/wp\/v2\/posts\/9066\/revisions"}],"predecessor-version":[{"id":9072,"href":"https:\/\/ranpal.org\/index.php?rest_route=\/wp\/v2\/posts\/9066\/revisions\/9072"}],"wp:attachment":[{"href":"https:\/\/ranpal.org\/index.php?rest_route=%2Fwp%2Fv2%2Fmedia&parent=9066"}],"wp:term":[{"taxonomy":"category","embeddable":true,"href":"https:\/\/ranpal.org\/index.php?rest_route=%2Fwp%2Fv2%2Fcategories&post=9066"},{"taxonomy":"post_tag","embeddable":true,"href":"https:\/\/ranpal.org\/index.php?rest_route=%2Fwp%2Fv2%2Ftags&post=9066"}],"curies":[{"name":"wp","href":"https:\/\/api.w.org\/{rel}","templated":true}]}}