{"id":9085,"date":"2025-01-26T02:20:59","date_gmt":"2025-01-26T02:20:59","guid":{"rendered":"https:\/\/ranpal.org\/?p=9085"},"modified":"2025-05-31T02:33:18","modified_gmt":"2025-05-31T02:33:18","slug":"sin-verdad-no-habra-paz-con-justicia-social","status":"publish","type":"post","link":"https:\/\/ranpal.org\/?p=9085","title":{"rendered":"SIN VERDAD NO HABR\u00c1 PAZ CON JUSTICIA SOCIAL"},"content":{"rendered":"<p><strong>L<\/strong>as mentiras med\u00edaticas y la satanizaci\u00f3n del r\u00e9gimen y agentes gubernamentales contra el ELN, <strong>es toda una campa\u00f1a para aniquilar su historia, sus bases e ideario anticapilista, antiimperialista  y propuesta pol\u00edtica, construida en lucha popular por m\u00e1s de 60 a\u00f1o.<\/strong><\/p>\n<p>Campa\u00f1a perversa y con m\u00faltiples formas, orientada desde a\u00f1os atr\u00e1s como parte de la <strong>eliminaci\u00f3n de organizaciones, l\u00edderes sociales, comunidades y opositores a los planes neocoloniales<\/strong> y de despojo territorial en todo Colombia.<\/p>\n<p><strong>Ranpal. \u00abVoz insurgente y popular en Colombia\u00bb.<\/strong><br \/>\nBogot\u00e1 s\u00e1bado 25 enero 2025.<br \/>\n!Palestina Libre!<\/p>\n<blockquote class=\"twitter-tweet\" data-media-max-width=\"560\">\n<p lang=\"es\" dir=\"ltr\"><a href=\"https:\/\/twitter.com\/hashtag\/ELN60A%C3%91OS?src=hash&amp;ref_src=twsrc%5Etfw\">#ELN60A\u00d1OS<\/a> CONTRA LA MENTIRA OLIG\u00c1RQUICA, GUBERNAMENTAL Y MEDI\u00c1TICA. <a href=\"https:\/\/twitter.com\/hashtag\/Nupalom?src=hash&amp;ref_src=twsrc%5Etfw\">#Nupalom<\/a> <a href=\"https:\/\/t.co\/eJvtVww7ce\">pic.twitter.com\/eJvtVww7ce<\/a><\/p>\n<p>&mdash; @Ramirodice2 (@juan86093997770) <a href=\"https:\/\/twitter.com\/juan86093997770\/status\/1883166844481331447?ref_src=twsrc%5Etfw\">January 25, 2025<\/a><\/p><\/blockquote>\n<p> <script async src=\"https:\/\/platform.twitter.com\/widgets.js\" charset=\"utf-8\"><\/script> <\/p>\n","protected":false},"excerpt":{"rendered":"<p>Las mentiras med\u00edaticas y la satanizaci\u00f3n del r\u00e9gimen y agentes gubernamentales contra el ELN, es<\/p>\n","protected":false},"author":2,"featured_media":0,"comment_status":"open","ping_status":"open","sticky":false,"template":"","format":"standard","meta":{"h5ap_radio_sources":[],"footnotes":""},"categories":[652],"tags":[228,5,256,613,318],"class_list":["post-9085","post","type-post","status-publish","format-standard","hentry","category-redes","tag-catatumbo","tag-eln","tag-justicia","tag-repacion","tag-verdad"],"_links":{"self":[{"href":"https:\/\/ranpal.org\/index.php?rest_route=\/wp\/v2\/posts\/9085","targetHints":{"allow":["GET"]}}],"collection":[{"href":"https:\/\/ranpal.org\/index.php?rest_route=\/wp\/v2\/posts"}],"about":[{"href":"https:\/\/ranpal.org\/index.php?rest_route=\/wp\/v2\/types\/post"}],"author":[{"embeddable":true,"href":"https:\/\/ranpal.org\/index.php?rest_route=\/wp\/v2\/users\/2"}],"replies":[{"embeddable":true,"href":"https:\/\/ranpal.org\/index.php?rest_route=%2Fwp%2Fv2%2Fcomments&post=9085"}],"version-history":[{"count":4,"href":"https:\/\/ranpal.org\/index.php?rest_route=\/wp\/v2\/posts\/9085\/revisions"}],"predecessor-version":[{"id":9091,"href":"https:\/\/ranpal.org\/index.php?rest_route=\/wp\/v2\/posts\/9085\/revisions\/9091"}],"wp:attachment":[{"href":"https:\/\/ranpal.org\/index.php?rest_route=%2Fwp%2Fv2%2Fmedia&parent=9085"}],"wp:term":[{"taxonomy":"category","embeddable":true,"href":"https:\/\/ranpal.org\/index.php?rest_route=%2Fwp%2Fv2%2Fcategories&post=9085"},{"taxonomy":"post_tag","embeddable":true,"href":"https:\/\/ranpal.org\/index.php?rest_route=%2Fwp%2Fv2%2Ftags&post=9085"}],"curies":[{"name":"wp","href":"https:\/\/api.w.org\/{rel}","templated":true}]}}