{"id":9092,"date":"2025-01-26T03:33:13","date_gmt":"2025-01-26T03:33:13","guid":{"rendered":"https:\/\/ranpal.org\/?p=9092"},"modified":"2025-01-26T03:43:51","modified_gmt":"2025-01-26T03:43:51","slug":"crisis-humanitaria-nacional-comunicado","status":"publish","type":"post","link":"https:\/\/ranpal.org\/?p=9092","title":{"rendered":"CRISIS HUMANITARIA NACIONAL. COMUNICADO"},"content":{"rendered":"<p><strong>C<\/strong>omunicado del Frente de Guerra Occidental Ogli Padilla Comandante Fab\u00edan del Ej\u00e9rcito de Liberaci\u00f3n Nacional <strong>a prop\u00f3sito de los m\u00e1s de tres a\u00f1os de ofensiva militar y copamiento nacoparamilitar en los Departamentos del Choc\u00f3 y Valle del Cauca en una estrategia contrainsurgente del Estado <\/strong>que aplica la vieja Doctrina del la Escuela de las Am\u00e9ricas de \u00abquitarle el agua al pez a la insurgencia\u00bb.<\/p>\n<p><strong>Ranpal \u00abVoz insurgente y popular en Colombia\u00bb.<\/strong><br \/>\nBogot\u00e1 S\u00e1bado 25 enero 2024.<\/p>\n<blockquote class=\"twitter-tweet\">\n<p lang=\"pt\" dir=\"ltr\"><a href=\"https:\/\/twitter.com\/hashtag\/URGENTE?src=hash&amp;ref_src=twsrc%5Etfw\">#URGENTE<\/a>. <br \/>Comunicado P\u00fablico: Crisis humanitaria nacional. <a href=\"https:\/\/t.co\/Li3QQMhgQ9\">pic.twitter.com\/Li3QQMhgQ9<\/a><\/p>\n<p>&mdash; COMANDANTE FABIAN (@CMDT_FABIAN_) <a href=\"https:\/\/twitter.com\/CMDT_FABIAN_\/status\/1882977926943224307?ref_src=twsrc%5Etfw\">January 25, 2025<\/a><\/p><\/blockquote>\n<p> <script async src=\"https:\/\/platform.twitter.com\/widgets.js\" charset=\"utf-8\"><\/script> <\/p>\n","protected":false},"excerpt":{"rendered":"<p>Comunicado del Frente de Guerra Occidental Ogli Padilla Comandante Fab\u00edan del Ej\u00e9rcito de Liberaci\u00f3n Nacional<\/p>\n","protected":false},"author":2,"featured_media":0,"comment_status":"open","ping_status":"open","sticky":false,"template":"","format":"standard","meta":{"h5ap_radio_sources":[],"footnotes":""},"categories":[458],"tags":[242,330,341,417],"class_list":["post-9092","post","type-post","status-publish","format-standard","hentry","category-frentes-de-guerra-eln","tag-choco","tag-colombia-eln","tag-comunicado-fgocc","tag-crisis-humanitaria"],"_links":{"self":[{"href":"https:\/\/ranpal.org\/index.php?rest_route=\/wp\/v2\/posts\/9092","targetHints":{"allow":["GET"]}}],"collection":[{"href":"https:\/\/ranpal.org\/index.php?rest_route=\/wp\/v2\/posts"}],"about":[{"href":"https:\/\/ranpal.org\/index.php?rest_route=\/wp\/v2\/types\/post"}],"author":[{"embeddable":true,"href":"https:\/\/ranpal.org\/index.php?rest_route=\/wp\/v2\/users\/2"}],"replies":[{"embeddable":true,"href":"https:\/\/ranpal.org\/index.php?rest_route=%2Fwp%2Fv2%2Fcomments&post=9092"}],"version-history":[{"count":5,"href":"https:\/\/ranpal.org\/index.php?rest_route=\/wp\/v2\/posts\/9092\/revisions"}],"predecessor-version":[{"id":9099,"href":"https:\/\/ranpal.org\/index.php?rest_route=\/wp\/v2\/posts\/9092\/revisions\/9099"}],"wp:attachment":[{"href":"https:\/\/ranpal.org\/index.php?rest_route=%2Fwp%2Fv2%2Fmedia&parent=9092"}],"wp:term":[{"taxonomy":"category","embeddable":true,"href":"https:\/\/ranpal.org\/index.php?rest_route=%2Fwp%2Fv2%2Fcategories&post=9092"},{"taxonomy":"post_tag","embeddable":true,"href":"https:\/\/ranpal.org\/index.php?rest_route=%2Fwp%2Fv2%2Ftags&post=9092"}],"curies":[{"name":"wp","href":"https:\/\/api.w.org\/{rel}","templated":true}]}}