{"id":9100,"date":"2025-01-28T17:00:51","date_gmt":"2025-01-28T17:00:51","guid":{"rendered":"https:\/\/ranpal.org\/?p=9100"},"modified":"2025-01-28T17:22:49","modified_gmt":"2025-01-28T17:22:49","slug":"la-verdad-de-los-hechos-en-el-catatumbo-noticiero-nacional-impacto-colombiano","status":"publish","type":"post","link":"https:\/\/ranpal.org\/?p=9100","title":{"rendered":"LA VERDAD DE LOS HECHOS EN EL CATATUMBO. NOTICIERO NACIONAL"},"content":{"rendered":"<p><strong>D<\/strong>ejamos a su alcance la emisi\u00f3n n\u00famero 33 del <strong>Noticiero Nacional Impacto Colombiano, una producci\u00f3n del Sistema Informativo Nacional Patria Libre del ELN<\/strong>. El editorial semanal, la columna del Cmte Antonio Garcia, la verdad de los hechos en el Catatumbo, los efectos de los \u00abconmoci\u00f3n interior\u00bb, informes regionales, contexto urbano y mirada internacional.<br \/>\n<strong><\/p>\n<p><a href=\"https:\/\/radio.eln-voces.net\/public\/1\/podcast\/1efdd755-15f8-6936-bfc3-09bbcc892dff\/episode\/1efdd759-8439-68e2-bdee-e94adbd63f1e\" target=\"_blank\">ESCUCHAR Y DESCARGAR AUDIO DESDE AZURACAST<\/a><\/p>\n<p>Ranpal \u00abComunicaci\u00f3n insurgente y popular\u00bb.<\/strong><br \/>\nBogot\u00e1 martes 28 enero 2025.<br \/>\n<strong>\u00a1Palestina Libre!<\/strong><\/p>\n<p><iframe src=\"https:\/\/www.ivoox.com\/player_ej_138894836_6_1.html?c1=ed333b\" width=\"100%\" height=\"200\" frameborder=\"0\" allowfullscreen=\"\" scrolling=\"no\" loading=\"lazy\"><\/iframe><\/p>\n","protected":false},"excerpt":{"rendered":"<p>Dejamos a su alcance la emisi\u00f3n n\u00famero 33 del Noticiero Nacional Impacto Colombiano, una producci\u00f3n<\/p>\n","protected":false},"author":2,"featured_media":0,"comment_status":"open","ping_status":"open","sticky":false,"template":"","format":"standard","meta":{"h5ap_radio_sources":[],"footnotes":""},"categories":[557],"tags":[614,560,559,320],"class_list":["post-9100","post","type-post","status-publish","format-standard","hentry","category-noticiero-impacto-colombiano","tag-catumbo","tag-eln-60-anos","tag-impacto-colombiano","tag-noticias"],"_links":{"self":[{"href":"https:\/\/ranpal.org\/index.php?rest_route=\/wp\/v2\/posts\/9100","targetHints":{"allow":["GET"]}}],"collection":[{"href":"https:\/\/ranpal.org\/index.php?rest_route=\/wp\/v2\/posts"}],"about":[{"href":"https:\/\/ranpal.org\/index.php?rest_route=\/wp\/v2\/types\/post"}],"author":[{"embeddable":true,"href":"https:\/\/ranpal.org\/index.php?rest_route=\/wp\/v2\/users\/2"}],"replies":[{"embeddable":true,"href":"https:\/\/ranpal.org\/index.php?rest_route=%2Fwp%2Fv2%2Fcomments&post=9100"}],"version-history":[{"count":2,"href":"https:\/\/ranpal.org\/index.php?rest_route=\/wp\/v2\/posts\/9100\/revisions"}],"predecessor-version":[{"id":9108,"href":"https:\/\/ranpal.org\/index.php?rest_route=\/wp\/v2\/posts\/9100\/revisions\/9108"}],"wp:attachment":[{"href":"https:\/\/ranpal.org\/index.php?rest_route=%2Fwp%2Fv2%2Fmedia&parent=9100"}],"wp:term":[{"taxonomy":"category","embeddable":true,"href":"https:\/\/ranpal.org\/index.php?rest_route=%2Fwp%2Fv2%2Fcategories&post=9100"},{"taxonomy":"post_tag","embeddable":true,"href":"https:\/\/ranpal.org\/index.php?rest_route=%2Fwp%2Fv2%2Ftags&post=9100"}],"curies":[{"name":"wp","href":"https:\/\/api.w.org\/{rel}","templated":true}]}}