{"id":9135,"date":"2025-02-11T13:16:24","date_gmt":"2025-02-11T13:16:24","guid":{"rendered":"https:\/\/ranpal.org\/?p=9135"},"modified":"2025-02-12T05:02:44","modified_gmt":"2025-02-12T05:02:44","slug":"eln-contra-la-oligarquia-y-por-la-unidad-popular-noticiero-nacional","status":"publish","type":"post","link":"https:\/\/ranpal.org\/?p=9135","title":{"rendered":"ELN CONTRA LA OLIGARQU\u00cdA Y POR LA UNIDAD POPULAR. NOTICIERO NACIONAL"},"content":{"rendered":"<p><strong>L<\/strong>es compartimos la <strong>emisi\u00f3n n\u00famero 35 del Noticiero Nacional Impacto Colombiano, una producci\u00f3n del Sistema Informativo Nacional Patria Libre del Ej\u00e9rcito de Liberaci\u00f3n Nacional (ELN).<\/strong> Editorial escrito por el Comando Central, corresponsales nacionales e informaci\u00f3n de los diferentes Frentes de Guerra, contexto urbano y m\u00e1s. <strong>!Esc\u00fachelo y comp\u00e1rtalo\u00bb.<\/strong><br \/>\n<strong><\/p>\n<p><a href=\"https:\/\/radio.eln-voces.net\/public\/1\/podcast\/1efe879c-1550-6f04-a195-9f7884e4f992\/episode\/1efe87a7-06fe-63ba-8e83-7d9b457c6270\" target=\"_blank\">ESCUCHAR Y DESCARGAR AUDIO DESDE AZURACAST<\/a><\/p>\n<p>Ranpal \u00abVoz y sentir del pueblo colombiano\u00bb.<\/strong><br \/>\nBogot\u00e1 martes 11 febrero 2025.<br \/>\n<strong>\u00a1Palestina Libre!<\/strong><\/p>\n<p><iframe src=\"https:\/\/www.ivoox.com\/player_ej_139717913_6_1.html?c1=ed333b\" width=\"100%\" height=\"200\" frameborder=\"0\" allowfullscreen=\"\" scrolling=\"no\" loading=\"lazy\"><\/iframe><\/p>\n","protected":false},"excerpt":{"rendered":"<p>Les compartimos la emisi\u00f3n n\u00famero 35 del Noticiero Nacional Impacto Colombiano, una producci\u00f3n del Sistema<\/p>\n","protected":false},"author":2,"featured_media":0,"comment_status":"open","ping_status":"open","sticky":false,"template":"","format":"standard","meta":{"h5ap_radio_sources":[],"footnotes":""},"categories":[557],"tags":[228,559,320,621],"class_list":["post-9135","post","type-post","status-publish","format-standard","hentry","category-noticiero-impacto-colombiano","tag-catatumbo","tag-impacto-colombiano","tag-noticias","tag-noticiero-35"],"_links":{"self":[{"href":"https:\/\/ranpal.org\/index.php?rest_route=\/wp\/v2\/posts\/9135","targetHints":{"allow":["GET"]}}],"collection":[{"href":"https:\/\/ranpal.org\/index.php?rest_route=\/wp\/v2\/posts"}],"about":[{"href":"https:\/\/ranpal.org\/index.php?rest_route=\/wp\/v2\/types\/post"}],"author":[{"embeddable":true,"href":"https:\/\/ranpal.org\/index.php?rest_route=\/wp\/v2\/users\/2"}],"replies":[{"embeddable":true,"href":"https:\/\/ranpal.org\/index.php?rest_route=%2Fwp%2Fv2%2Fcomments&post=9135"}],"version-history":[{"count":5,"href":"https:\/\/ranpal.org\/index.php?rest_route=\/wp\/v2\/posts\/9135\/revisions"}],"predecessor-version":[{"id":9146,"href":"https:\/\/ranpal.org\/index.php?rest_route=\/wp\/v2\/posts\/9135\/revisions\/9146"}],"wp:attachment":[{"href":"https:\/\/ranpal.org\/index.php?rest_route=%2Fwp%2Fv2%2Fmedia&parent=9135"}],"wp:term":[{"taxonomy":"category","embeddable":true,"href":"https:\/\/ranpal.org\/index.php?rest_route=%2Fwp%2Fv2%2Fcategories&post=9135"},{"taxonomy":"post_tag","embeddable":true,"href":"https:\/\/ranpal.org\/index.php?rest_route=%2Fwp%2Fv2%2Ftags&post=9135"}],"curies":[{"name":"wp","href":"https:\/\/api.w.org\/{rel}","templated":true}]}}