{"id":9182,"date":"2025-03-10T14:39:35","date_gmt":"2025-03-10T14:39:35","guid":{"rendered":"https:\/\/ranpal.org\/?p=9182"},"modified":"2025-03-10T14:57:02","modified_gmt":"2025-03-10T14:57:02","slug":"entrevista-comandantes-silvana-y-ricardo-de-fgnor-del-eln","status":"publish","type":"post","link":"https:\/\/ranpal.org\/?p=9182","title":{"rendered":"ENTREVISTA COMANDANTES SILVANA Y RICARDO DE FGNOR DEL ELN"},"content":{"rendered":"<p>Entrevista de los Comandantes <strong>Silvana Guerrero y Ricardo del Frente de Guerra NorOriental del ELN en el Catatumbo<\/strong> hablando sobre hechos recientes alrededor de la banda del 33, la matr\u00edz medi\u00e1tica de la clase dominante y otras realidades del conflicto social y econ\u00f3mico en colombia.<\/p>\n<p><strong>Ranpal \u00abVoz y sentir del pueblo colombiano\u00bb.<\/strong><br \/>\nBogot\u00e1 lunes 10 marzo 2025.<br \/>\n<strong>\u00a1Palestina Libre!<\/strong><\/p>\n<p><iframe src=\"https:\/\/www.ivoox.com\/player_ej_141333825_6_1.html?c1=ed333b\" width=\"100%\" height=\"200\" frameborder=\"0\" allowfullscreen=\"\" scrolling=\"no\" loading=\"lazy\"><\/iframe><\/p>\n<p><iframe src=\"https:\/\/www.ivoox.com\/player_ej_141331125_6_1.html?c1=ed333b\" width=\"100%\" height=\"200\" frameborder=\"0\" allowfullscreen=\"\" scrolling=\"no\" loading=\"lazy\"><\/iframe><\/p>\n","protected":false},"excerpt":{"rendered":"<p>Entrevista de los Comandantes Silvana Guerrero y Ricardo del Frente de Guerra NorOriental del ELN<\/p>\n","protected":false},"author":2,"featured_media":0,"comment_status":"open","ping_status":"open","sticky":false,"template":"","format":"standard","meta":{"h5ap_radio_sources":[],"footnotes":""},"categories":[461],"tags":[228,625,5,127,128],"class_list":["post-9182","post","type-post","status-publish","format-standard","hentry","category-entrevistas-frentes-de-guerra","tag-catatumbo","tag-cmtes-silvana-y-ricardo","tag-eln","tag-entrevista","tag-radio"],"_links":{"self":[{"href":"https:\/\/ranpal.org\/index.php?rest_route=\/wp\/v2\/posts\/9182","targetHints":{"allow":["GET"]}}],"collection":[{"href":"https:\/\/ranpal.org\/index.php?rest_route=\/wp\/v2\/posts"}],"about":[{"href":"https:\/\/ranpal.org\/index.php?rest_route=\/wp\/v2\/types\/post"}],"author":[{"embeddable":true,"href":"https:\/\/ranpal.org\/index.php?rest_route=\/wp\/v2\/users\/2"}],"replies":[{"embeddable":true,"href":"https:\/\/ranpal.org\/index.php?rest_route=%2Fwp%2Fv2%2Fcomments&post=9182"}],"version-history":[{"count":3,"href":"https:\/\/ranpal.org\/index.php?rest_route=\/wp\/v2\/posts\/9182\/revisions"}],"predecessor-version":[{"id":9186,"href":"https:\/\/ranpal.org\/index.php?rest_route=\/wp\/v2\/posts\/9182\/revisions\/9186"}],"wp:attachment":[{"href":"https:\/\/ranpal.org\/index.php?rest_route=%2Fwp%2Fv2%2Fmedia&parent=9182"}],"wp:term":[{"taxonomy":"category","embeddable":true,"href":"https:\/\/ranpal.org\/index.php?rest_route=%2Fwp%2Fv2%2Fcategories&post=9182"},{"taxonomy":"post_tag","embeddable":true,"href":"https:\/\/ranpal.org\/index.php?rest_route=%2Fwp%2Fv2%2Ftags&post=9182"}],"curies":[{"name":"wp","href":"https:\/\/api.w.org\/{rel}","templated":true}]}}