{"id":9189,"date":"2025-03-11T11:51:03","date_gmt":"2025-03-11T11:51:03","guid":{"rendered":"https:\/\/ranpal.org\/?p=9189"},"modified":"2025-04-30T18:04:50","modified_gmt":"2025-04-30T18:04:50","slug":"eln-esperanza-popular-y-armada-noticiero-nacional","status":"publish","type":"post","link":"https:\/\/ranpal.org\/?p=9189","title":{"rendered":"ELN ESPERANZA POPULAR Y ARMADA. NOTICIERO NACIONAL"},"content":{"rendered":"<p>                             <a href='https:\/\/postimages.org\/' target='_blank'><img src='https:\/\/i.postimg.cc\/Bv2JBv3S\/39-ELN-ESPERAZA-POPULAR-Y-ARMADA-NOTICIERO-NAL.jpg' border='0' alt='39-ELN-ESPERAZA-POPULAR-Y-ARMADA-NOTICIERO-NAL'\/><\/a><\/p>\n<p><strong>L<\/strong>es dejamos a su alcance la <strong>emisi\u00f3n n\u00famero 39 del Noticiero Nacional Impacto Colombiano, una producci\u00f3n del Sistema Nacional Patria Libre (Sinpal) del ELN.<\/strong> El editorial semanal, la Columna del Cmte Antonio Garcia, mirada cr\u00edtica econ\u00f3mica, entrevista -Exclusiva- de la Comandante Silvana y el Comandante Ricardo a Radio Frontera Rebelde, Informes regionales, s\u00edntesis y mucho m\u00e1s.<\/p>\n<p><strong>Ranpal \u00abVoz y sentir insurgente en Colombia\u00bb.<\/strong><br \/>\nBogot\u00e1 martes 11 marzo 2025.<br \/>\n<strong>\u00a1Palestina Libre! <\/strong><\/p>\n<p><iframe src=\"https:\/\/www.ivoox.com\/player_ej_141379555_6_1.html?c1=e42904\" width=\"100%\" height=\"200\" frameborder=\"0\" allowfullscreen=\"\" scrolling=\"no\" loading=\"lazy\"><\/iframe><\/p>\n","protected":false},"excerpt":{"rendered":"<p>Les dejamos a su alcance la emisi\u00f3n n\u00famero 39 del Noticiero Nacional Impacto Colombiano, una<\/p>\n","protected":false},"author":2,"featured_media":0,"comment_status":"open","ping_status":"open","sticky":false,"template":"","format":"standard","meta":{"h5ap_radio_sources":[],"footnotes":""},"categories":[557],"tags":[228,133,5,117,593,138],"class_list":["post-9189","post","type-post","status-publish","format-standard","hentry","category-noticiero-impacto-colombiano","tag-catatumbo","tag-colombia","tag-eln","tag-gobierno","tag-noticiero-nacional","tag-paz"],"_links":{"self":[{"href":"https:\/\/ranpal.org\/index.php?rest_route=\/wp\/v2\/posts\/9189","targetHints":{"allow":["GET"]}}],"collection":[{"href":"https:\/\/ranpal.org\/index.php?rest_route=\/wp\/v2\/posts"}],"about":[{"href":"https:\/\/ranpal.org\/index.php?rest_route=\/wp\/v2\/types\/post"}],"author":[{"embeddable":true,"href":"https:\/\/ranpal.org\/index.php?rest_route=\/wp\/v2\/users\/2"}],"replies":[{"embeddable":true,"href":"https:\/\/ranpal.org\/index.php?rest_route=%2Fwp%2Fv2%2Fcomments&post=9189"}],"version-history":[{"count":4,"href":"https:\/\/ranpal.org\/index.php?rest_route=\/wp\/v2\/posts\/9189\/revisions"}],"predecessor-version":[{"id":9328,"href":"https:\/\/ranpal.org\/index.php?rest_route=\/wp\/v2\/posts\/9189\/revisions\/9328"}],"wp:attachment":[{"href":"https:\/\/ranpal.org\/index.php?rest_route=%2Fwp%2Fv2%2Fmedia&parent=9189"}],"wp:term":[{"taxonomy":"category","embeddable":true,"href":"https:\/\/ranpal.org\/index.php?rest_route=%2Fwp%2Fv2%2Fcategories&post=9189"},{"taxonomy":"post_tag","embeddable":true,"href":"https:\/\/ranpal.org\/index.php?rest_route=%2Fwp%2Fv2%2Ftags&post=9189"}],"curies":[{"name":"wp","href":"https:\/\/api.w.org\/{rel}","templated":true}]}}