{"id":9204,"date":"2025-03-18T13:52:18","date_gmt":"2025-03-18T13:52:18","guid":{"rendered":"https:\/\/ranpal.org\/?p=9204"},"modified":"2025-04-22T19:46:12","modified_gmt":"2025-04-22T19:46:12","slug":"a-las-calles-por-la-revolucion-y-el-socialismo-noticiero-nacional","status":"publish","type":"post","link":"https:\/\/ranpal.org\/?p=9204","title":{"rendered":"A LAS CALLES POR LA REVOLUCI\u00d3N Y EL SOCIALISMO. NOTICIERO NACIONAL"},"content":{"rendered":"<p>                                 <a href='https:\/\/postimages.org\/' target='_blank'><img src='https:\/\/i.postimg.cc\/kXPVjRXm\/40-NOTICIERO-NACIONAL-IMPACTO-COL.jpg' border='0' alt='40-NOTICIERO-NACIONAL-IMPACTO-COL'\/><\/a> <\/p>\n<p><strong>A <\/strong>su alcance el <strong>espisodio n\u00famero 40 del Noticiero Nacional Impacto Colombiano, una producci\u00f3n del Sistema Informativo Nacional Patria Libre del Ej\u00e9rcito de Liberaci\u00f3n Nacional (ELN)<\/strong>. Escuche  el \u00faltimo editorial de la Revista Insurrecci\u00f3n, la columna del Comandante Antonio Garcia, el pronuncimiento del Comandante hist\u00f3rico <strong>Nicool\u00e1s Rodr\u00edguez B sobre \u00abdeslinde categ\u00f3rico\u00bb,<\/strong> el informe regional desde las emisoras de los Frentes de Guerra, contexto urbano y s\u00edntesis.<\/p>\n<p><strong>Ranpal \u00abVoz insurgente en Colombia\u00bb. <\/strong><br \/>\nBogot\u00e1 martes 18 marzo 2025.<br \/>\n<strong>\u00a1Palestina! <\/strong><\/p>\n<p><iframe src=\"https:\/\/www.ivoox.com\/player_ej_143310404_6_1.html?c1=ed333b\" width=\"100%\" height=\"200\" frameborder=\"0\" allowfullscreen=\"\" scrolling=\"no\" loading=\"lazy\"><\/iframe><\/p>\n","protected":false},"excerpt":{"rendered":"<p>A su alcance el espisodio n\u00famero 40 del Noticiero Nacional Impacto Colombiano, una producci\u00f3n del<\/p>\n","protected":false},"author":2,"featured_media":0,"comment_status":"open","ping_status":"open","sticky":false,"template":"","format":"standard","meta":{"h5ap_radio_sources":[],"footnotes":""},"categories":[557],"tags":[627,628,559,558,138],"class_list":["post-9204","post","type-post","status-publish","format-standard","hentry","category-noticiero-impacto-colombiano","tag-cattumbo","tag-dignidad","tag-impacto-colombiano","tag-noticiero","tag-paz"],"_links":{"self":[{"href":"https:\/\/ranpal.org\/index.php?rest_route=\/wp\/v2\/posts\/9204","targetHints":{"allow":["GET"]}}],"collection":[{"href":"https:\/\/ranpal.org\/index.php?rest_route=\/wp\/v2\/posts"}],"about":[{"href":"https:\/\/ranpal.org\/index.php?rest_route=\/wp\/v2\/types\/post"}],"author":[{"embeddable":true,"href":"https:\/\/ranpal.org\/index.php?rest_route=\/wp\/v2\/users\/2"}],"replies":[{"embeddable":true,"href":"https:\/\/ranpal.org\/index.php?rest_route=%2Fwp%2Fv2%2Fcomments&post=9204"}],"version-history":[{"count":5,"href":"https:\/\/ranpal.org\/index.php?rest_route=\/wp\/v2\/posts\/9204\/revisions"}],"predecessor-version":[{"id":9292,"href":"https:\/\/ranpal.org\/index.php?rest_route=\/wp\/v2\/posts\/9204\/revisions\/9292"}],"wp:attachment":[{"href":"https:\/\/ranpal.org\/index.php?rest_route=%2Fwp%2Fv2%2Fmedia&parent=9204"}],"wp:term":[{"taxonomy":"category","embeddable":true,"href":"https:\/\/ranpal.org\/index.php?rest_route=%2Fwp%2Fv2%2Fcategories&post=9204"},{"taxonomy":"post_tag","embeddable":true,"href":"https:\/\/ranpal.org\/index.php?rest_route=%2Fwp%2Fv2%2Ftags&post=9204"}],"curies":[{"name":"wp","href":"https:\/\/api.w.org\/{rel}","templated":true}]}}