{"id":9227,"date":"2025-04-01T15:17:19","date_gmt":"2025-04-01T15:17:19","guid":{"rendered":"https:\/\/ranpal.org\/?p=9227"},"modified":"2025-04-22T18:33:57","modified_gmt":"2025-04-22T18:33:57","slug":"vida-verdad-y-territorio-noticiero-nacional","status":"publish","type":"post","link":"https:\/\/ranpal.org\/?p=9227","title":{"rendered":"VIDA, VERDAD Y TERRITORIO. NOTICIERO NACIONAL"},"content":{"rendered":"<p>                                <a href='https:\/\/postimg.cc\/64xwWYDv' target='_blank'><img src='https:\/\/i.postimg.cc\/Y0hSxPRb\/42-NOTICIERO-NACIONAL-VIDA-VERDAD-Y-TERRITORIO.jpg' border='0' alt='42-NOTICIERO-NACIONAL-VIDA-VERDAD-Y-TERRITORIO'\/><\/a><\/p>\n<p><strong>C<\/strong>ompartimos con nuestros oyentes, seguidores y compa\u00f1eros la <strong>emisi\u00f3n n\u00famero 42 del Noticiero Nacional Impacto Colombiano, una producci\u00f3n del Sistema Informativo Nacional Patria Libre del Ej\u00e9rcito de Liberaci\u00f3n Nacional(ELN)<\/strong>. Escuche el editorial semanal, la columna de nuestro Comandante Antonio Garcia, mirada cr\u00edtica econ\u00f3mica, informe de regiones con entrevistas en el FGNOriental y FGNorte , internacional, contexto urbano y m\u00e1s. \u00a1No se lo pierda!<\/p>\n<p><strong>Ranpal \u00abVoz y sentir insurgente en Colombia\u00bb.<\/strong><br \/>\nBogot\u00e1 martes 01 de abril 2025<br \/>\n<strong>\u00a1Palestina Libre!<\/strong><\/p>\n<p><iframe src=\"https:\/\/www.ivoox.com\/player_ej_144196401_6_1.html?c1=ed333b\" width=\"100%\" height=\"200\" frameborder=\"0\" allowfullscreen=\"\" scrolling=\"no\" loading=\"lazy\"><\/iframe><\/p>\n","protected":false},"excerpt":{"rendered":"<p>Compartimos con nuestros oyentes, seguidores y compa\u00f1eros la emisi\u00f3n n\u00famero 42 del Noticiero Nacional Impacto<\/p>\n","protected":false},"author":2,"featured_media":0,"comment_status":"open","ping_status":"open","sticky":false,"template":"","format":"standard","meta":{"h5ap_radio_sources":[],"footnotes":""},"categories":[557],"tags":[228,467,320,593],"class_list":["post-9227","post","type-post","status-publish","format-standard","hentry","category-noticiero-impacto-colombiano","tag-catatumbo","tag-entrevistas","tag-noticias","tag-noticiero-nacional"],"_links":{"self":[{"href":"https:\/\/ranpal.org\/index.php?rest_route=\/wp\/v2\/posts\/9227","targetHints":{"allow":["GET"]}}],"collection":[{"href":"https:\/\/ranpal.org\/index.php?rest_route=\/wp\/v2\/posts"}],"about":[{"href":"https:\/\/ranpal.org\/index.php?rest_route=\/wp\/v2\/types\/post"}],"author":[{"embeddable":true,"href":"https:\/\/ranpal.org\/index.php?rest_route=\/wp\/v2\/users\/2"}],"replies":[{"embeddable":true,"href":"https:\/\/ranpal.org\/index.php?rest_route=%2Fwp%2Fv2%2Fcomments&post=9227"}],"version-history":[{"count":4,"href":"https:\/\/ranpal.org\/index.php?rest_route=\/wp\/v2\/posts\/9227\/revisions"}],"predecessor-version":[{"id":9288,"href":"https:\/\/ranpal.org\/index.php?rest_route=\/wp\/v2\/posts\/9227\/revisions\/9288"}],"wp:attachment":[{"href":"https:\/\/ranpal.org\/index.php?rest_route=%2Fwp%2Fv2%2Fmedia&parent=9227"}],"wp:term":[{"taxonomy":"category","embeddable":true,"href":"https:\/\/ranpal.org\/index.php?rest_route=%2Fwp%2Fv2%2Fcategories&post=9227"},{"taxonomy":"post_tag","embeddable":true,"href":"https:\/\/ranpal.org\/index.php?rest_route=%2Fwp%2Fv2%2Ftags&post=9227"}],"curies":[{"name":"wp","href":"https:\/\/api.w.org\/{rel}","templated":true}]}}