{"id":9246,"date":"2025-04-08T14:24:53","date_gmt":"2025-04-08T14:24:53","guid":{"rendered":"https:\/\/ranpal.org\/?p=9246"},"modified":"2025-04-12T01:06:12","modified_gmt":"2025-04-12T01:06:12","slug":"el-cambio-resulto-mas-de-lo-mismo-noticiero-nacional","status":"publish","type":"post","link":"https:\/\/ranpal.org\/?p=9246","title":{"rendered":"EL CAMBIO RESULT\u00d3 M\u00c1S DE LO MISMO. NOTICIERO NACIONAL"},"content":{"rendered":"<p>                       <a href='https:\/\/postimg.cc\/Yv0mQbK3' target='_blank'><img src='https:\/\/i.postimg.cc\/bwHHcBmK\/43-NOTICIERO-NACIONAL-IMAPCTO-COL.jpg' border='0' alt='43-NOTICIERO-NACIONAL-IMAPCTO-COL'\/><\/a><\/p>\n<p><strong>C<\/strong>omaprtimos la Emisi\u00f3n n\u00famero 43 del Noticiero Nacional Impacto Colombiano. Escuche el \u00faltimo <strong>editorial de la Revista semanal Insurrecci\u00f3n, la Columna de nuestro Cmte Antonio Garcia, la nota cr\u00edtica econ\u00f3mica, los informes desde las emisoras en cada Frente de Guerra,<\/strong> la mirada internacional, contexto urbano, s\u00edntesis y mucho m\u00e1s.  \u00a1No se lo pierada! y comprenda por qu\u00e9 el gobierno del Cambio result\u00f3 m\u00e1s de los mismo.<\/p>\n<p><strong>Ranpal \u00abComunicaci\u00f3n insurgente y popular\u00bb.<\/strong><br \/>\nBogot\u00e1 martes 08 abril 2025.<br \/>\n<strong>\u00a1Palestina Libre! <\/strong><\/p>\n<p><iframe src=\"https:\/\/www.ivoox.com\/player_ej_144634993_6_1.html?c1=ed333b\" width=\"100%\" height=\"200\" frameborder=\"0\" allowfullscreen=\"\" scrolling=\"no\" loading=\"lazy\"><\/iframe><\/p>\n","protected":false},"excerpt":{"rendered":"<p>Comaprtimos la Emisi\u00f3n n\u00famero 43 del Noticiero Nacional Impacto Colombiano. Escuche el \u00faltimo editorial de<\/p>\n","protected":false},"author":2,"featured_media":0,"comment_status":"open","ping_status":"open","sticky":false,"template":"","format":"standard","meta":{"h5ap_radio_sources":[],"footnotes":""},"categories":[557],"tags":[304,117,559,492,589],"class_list":["post-9246","post","type-post","status-publish","format-standard","hentry","category-noticiero-impacto-colombiano","tag-cambio","tag-gobierno","tag-impacto-colombiano","tag-notcias","tag-regiones"],"_links":{"self":[{"href":"https:\/\/ranpal.org\/index.php?rest_route=\/wp\/v2\/posts\/9246","targetHints":{"allow":["GET"]}}],"collection":[{"href":"https:\/\/ranpal.org\/index.php?rest_route=\/wp\/v2\/posts"}],"about":[{"href":"https:\/\/ranpal.org\/index.php?rest_route=\/wp\/v2\/types\/post"}],"author":[{"embeddable":true,"href":"https:\/\/ranpal.org\/index.php?rest_route=\/wp\/v2\/users\/2"}],"replies":[{"embeddable":true,"href":"https:\/\/ranpal.org\/index.php?rest_route=%2Fwp%2Fv2%2Fcomments&post=9246"}],"version-history":[{"count":4,"href":"https:\/\/ranpal.org\/index.php?rest_route=\/wp\/v2\/posts\/9246\/revisions"}],"predecessor-version":[{"id":9264,"href":"https:\/\/ranpal.org\/index.php?rest_route=\/wp\/v2\/posts\/9246\/revisions\/9264"}],"wp:attachment":[{"href":"https:\/\/ranpal.org\/index.php?rest_route=%2Fwp%2Fv2%2Fmedia&parent=9246"}],"wp:term":[{"taxonomy":"category","embeddable":true,"href":"https:\/\/ranpal.org\/index.php?rest_route=%2Fwp%2Fv2%2Fcategories&post=9246"},{"taxonomy":"post_tag","embeddable":true,"href":"https:\/\/ranpal.org\/index.php?rest_route=%2Fwp%2Fv2%2Ftags&post=9246"}],"curies":[{"name":"wp","href":"https:\/\/api.w.org\/{rel}","templated":true}]}}