{"id":9277,"date":"2025-04-22T13:55:30","date_gmt":"2025-04-22T13:55:30","guid":{"rendered":"https:\/\/ranpal.org\/?p=9277"},"modified":"2025-04-22T14:29:49","modified_gmt":"2025-04-22T14:29:49","slug":"la-paz-reto-de-sociedad-e-insurgencia-noticiero-nacional","status":"publish","type":"post","link":"https:\/\/ranpal.org\/?p=9277","title":{"rendered":"LA PAZ RETO DE SOCIEDAD E INSURGENCIA. NOTICIERO NACIONAL"},"content":{"rendered":"<p>                                <a href='https:\/\/postimg.cc\/SJSCfx5L' target='_blank'><img src='https:\/\/i.postimg.cc\/ZK3HZ9xQ\/45-NOTICIERO-NACIONAL-IMPACTO-COLOMBIANO.jpg' border='0' alt='45-NOTICIERO-NACIONAL-IMPACTO-COLOMBIANO'\/><\/a><\/p>\n<p><strong>D<\/strong>ejamos a su alcance la emisi\u00f3n n\u00famero 45 del Noticiero Nacional Impacto Colombiano, una producci\u00f3n de <strong>Sistema Informativo Naciona Patria Libre (Sinpal) del Ej\u00e9rcito de Liberaci\u00f3n Nacional (ELN). Editorial semanal de la Revista Insurrecci\u00f3n, <\/strong>la columna de nuestro Comandante Antonio Garcia, mirada econ\u00f3mica, el informe de las regiones con nuestros reporteros de los Frentes de Guerra, s\u00edntesis y mucho m\u00e1s. \u00a1No se lo pierda!<\/p>\n<p><strong>Ranpal \u00abVoz y sentir del pueblo colombiano\u00bb.<\/strong><br \/>\nBogot\u00e1 martes 22 de abril 2025.<br \/>\n<strong>\u00a1Palestina Libre!<\/strong><\/p>\n<p><iframe src=\"https:\/\/www.ivoox.com\/player_ej_145382829_6_1.html?c1=ed333b\" width=\"100%\" height=\"200\" frameborder=\"0\" allowfullscreen=\"\" scrolling=\"no\" loading=\"lazy\"><\/iframe><\/p>\n","protected":false},"excerpt":{"rendered":"<p>Dejamos a su alcance la emisi\u00f3n n\u00famero 45 del Noticiero Nacional Impacto Colombiano, una producci\u00f3n<\/p>\n","protected":false},"author":2,"featured_media":0,"comment_status":"open","ping_status":"open","sticky":false,"template":"","format":"standard","meta":{"h5ap_radio_sources":[],"footnotes":""},"categories":[557],"tags":[593,138,589,634],"class_list":["post-9277","post","type-post","status-publish","format-standard","hentry","category-noticiero-impacto-colombiano","tag-noticiero-nacional","tag-paz","tag-regiones","tag-sociedad"],"_links":{"self":[{"href":"https:\/\/ranpal.org\/index.php?rest_route=\/wp\/v2\/posts\/9277","targetHints":{"allow":["GET"]}}],"collection":[{"href":"https:\/\/ranpal.org\/index.php?rest_route=\/wp\/v2\/posts"}],"about":[{"href":"https:\/\/ranpal.org\/index.php?rest_route=\/wp\/v2\/types\/post"}],"author":[{"embeddable":true,"href":"https:\/\/ranpal.org\/index.php?rest_route=\/wp\/v2\/users\/2"}],"replies":[{"embeddable":true,"href":"https:\/\/ranpal.org\/index.php?rest_route=%2Fwp%2Fv2%2Fcomments&post=9277"}],"version-history":[{"count":3,"href":"https:\/\/ranpal.org\/index.php?rest_route=\/wp\/v2\/posts\/9277\/revisions"}],"predecessor-version":[{"id":9281,"href":"https:\/\/ranpal.org\/index.php?rest_route=\/wp\/v2\/posts\/9277\/revisions\/9281"}],"wp:attachment":[{"href":"https:\/\/ranpal.org\/index.php?rest_route=%2Fwp%2Fv2%2Fmedia&parent=9277"}],"wp:term":[{"taxonomy":"category","embeddable":true,"href":"https:\/\/ranpal.org\/index.php?rest_route=%2Fwp%2Fv2%2Fcategories&post=9277"},{"taxonomy":"post_tag","embeddable":true,"href":"https:\/\/ranpal.org\/index.php?rest_route=%2Fwp%2Fv2%2Ftags&post=9277"}],"curies":[{"name":"wp","href":"https:\/\/api.w.org\/{rel}","templated":true}]}}