{"id":9340,"date":"2025-05-06T15:56:51","date_gmt":"2025-05-06T15:56:51","guid":{"rendered":"https:\/\/ranpal.org\/?p=9340"},"modified":"2025-05-06T16:09:52","modified_gmt":"2025-05-06T16:09:52","slug":"una-respuesta-necesaria-a-la-revista-cambio","status":"publish","type":"post","link":"https:\/\/ranpal.org\/?p=9340","title":{"rendered":"UNA RESPUESTA NECESARIA A LA REVISTA CAMBIO"},"content":{"rendered":"<p>                         <a href='https:\/\/postimg.cc\/p5FdXg64' target='_blank'><img src='https:\/\/i.postimg.cc\/FzPkGvgr\/RESPUESTA-ANTONIO-2025.jpg' border='0' alt='RESPUESTA-ANTONIO-2025'\/><\/a><\/p>\n<p>                        <a href=\"https:\/\/ranpal.org\/?p=9340\" target=\"_blank\">Comandante Antonio Garcia Primer responsable del ELN.<\/a><\/p>\n<p><strong><strong>E<\/strong>l art\u00edculo publicado el 4 de mayo en la Revista Cambio, por la supuesta profundidad con que pretender desvirtuar al ELN, precisa de nuestras opiniones. No lo hago con el \u00e1nimo de polemizar, menos de irrespetar, pero s\u00ed de intentar claridades.<\/strong><\/p>\n<p>Considero que todos los medios de informaci\u00f3n tienen la responsabilidad de documentar sus puntos de vista con investigaciones objetivas, es posible que algunos lean y traten de ilustrarse, pero estamos obligados a ir m\u00e1s all\u00e1. Debemos tener en cuenta la otra orilla, si se escribe o se dice con objetividad o prima el atacar al \u00abotro\u00bb, y es cuando se pierde la objetividad.<\/p>\n<p>Se dice que el ELN \u00abrenuncia a la toma del poder\u00bb, porque no est\u00e1 dispuesto a convertirse en un partido pol\u00edtico luego de desmovilizarse. Primero que todo una verdadera negociaci\u00f3n no funciona as\u00ed, pues primero est\u00e1n los acuerdos de fondo que podr\u00edan cambiar la realidad de Colombia y luego s\u00ed los acuerdos que podr\u00edan hacer cambiar las dos partes en el conflicto armado. No puede ser que primero cambie el ELN, a como el Gobierno quiere, y Colombia siga igual de injusta y sus instituciones tambi\u00e9n.<\/p>\n<p><strong>En segundo lugar, el VI Congreso no cambi\u00f3 la estrategia ni los programas por los que se lucha, al contrario, los precis\u00f3 m\u00e1s y por eso su consiga lo resume: COMPROMISO Y CERTEZA EN LA VICTORIA POPULAR. Hay claridad en la voluntad de vencer, principio fundamental en las organizaciones pol\u00edticas y militares.<\/strong><\/p>\n<p>La lucha del ELN va m\u00e1s all\u00e1 de lo que se ha tratado de ver mec\u00e1nicamente como la \u00abtoma del poder\u00bb, pues jam\u00e1s lo vemos como un asalto, sino como una configuraci\u00f3n de fuerzas y escenarios donde el pueblo y sus organizaciones sociales, pol\u00edticas y militares construyan una nueva realidad de transformaciones para Colombia. El c\u00f3mo vaya a ser no solo depende del ELN, pues el Gobierno y el Estado son los que imprimen el ritmo y la l\u00f3gica al futuro: si es por la continuidad del conflicto armado o por una soluci\u00f3n pol\u00edtica con transformaciones.<\/p>\n<p><strong>Jam\u00e1s el ELN ha renunciado a la lucha por el poder para el pueblo en Colombia, desde luego que no la entiende ni la pr\u00e1ctica como una lucha de aparatos ni solamente militar, sino una configuraci\u00f3n de escenarios de lucha social, pol\u00edtica, militar y cultural.<\/strong><\/p>\n<p>El ELN es una organizaci\u00f3n revolucionaria de car\u00e1cter democr\u00e1tico, pero muy centralizada nacionalmente. Nadie es nombrado a dedo. Congreso es quien elige a la Direcci\u00f3n Nacional y al Comando Central, y sus respectivas suplencias, igual establece las jerarqu\u00edas en correspondencia. Cada Frente de Guerra es comandado por un integrante de la Direcci\u00f3n Nacional y lo hace con pol\u00edticas nacionales y con las directrices del Comando Central, desde el Paro armado en el Choc\u00f3 hasta las operaciones militares en el Catatumbo. Desde luego que las estructuras del ELN no se gu\u00edan ni con los argumentos de la prensa ni con los deseos del Gobierno o las Fuerzas Militares. Importante resaltar que todos los integrantes de la Direcci\u00f3n Nacional han sido los mejores mandos en los Frentes de Guerra.<\/p>\n<p><strong>Que se diga que el ELN est\u00e1 comprometido con el Narcotr\u00e1fico, es muy distinto a que lo sea. No porque la DEA y las Fuerzas Militares tengan el plan de involucrarnos con dicho negocio puede darse por hecho que es as\u00ed. Por ejemplo, cuando la DEA, las Fuerzas Militares o la Polic\u00eda incautan coca\u00edna, emiten un comunicado se\u00f1alando al capturado como integrante del ELN, siendo falso y ellos lo saben, igual acontece con cualquier laboratorio, luego nadie hace seguimiento a la noticia y se queda por hecho ver\u00eddico.<\/strong><\/p>\n<p>Desde hace mucho tiempo la humanidad usa unos m\u00e9todos para establecer la verdad, donde la observaci\u00f3n y las matem\u00e1ticas hacen las relaciones para desentra\u00f1ar la naturaleza del mundo f\u00edsico, ya no es la especulaci\u00f3n; igual en el caso de los comportamientos humanos: observaci\u00f3n, patrones de conducta, investigaci\u00f3n forense y luego pruebas demostradas. Todo esto se lo pasan por la faja. Ser\u00eda conveniente que un periodista serio tomara un solo caso, de los que han se\u00f1alado ser obra de alg\u00fan integrante del ELN y le haga seguimiento hasta demostrar que efectivamente lo era, luego s\u00ed podemos hablar del asunto.<\/p>\n<p>Ya desde los tiempos de Hitler y Goebbels la verdad de los hechos pas\u00f3 a ser secundaria, quienes deb\u00edan defenderla en su momento se hicieron los de la vista gorda, luego toda la sociedad pagar\u00eda las consecuencias, la responsabilidad ante la historia es individual y colectiva, no lo que digamos hoy quedar\u00e1 en el olvido, en el futuro la verdad nos espera.<\/p>\n<p>El problema de fondo es otro. Todos sabemos que el narcotr\u00e1fico no es un asunto moral, sino econ\u00f3mico y al final pol\u00edtico. Pues la DEA, las Fuerzas Militares o el Gobierno han sido tolerantes y c\u00f3mplices con el narcotr\u00e1fico, pues saben que ese negocio deforma a cualquier colectividad pol\u00edtica y, en nuestro caso, le har\u00eda perder el rumbo revolucionario, por tanto, facilitar\u00eda su destrucci\u00f3n o sometimiento. Mantenerse al marguen de dicho negocio ha sido un reto y una lucha para el ELN, y, ha mucho honor, as\u00ed seguir\u00e1 siendo. Seguiremos en la lucha del lado del pueblo y la sociedad para hacer de Colombia una naci\u00f3n m\u00e1s justa, democr\u00e1tica y soberana.<\/p>\n<p><strong>Para finalizar, el car\u00e1cter h\u00edbrido de un conflicto est\u00e1 definido por los componentes operacionales regulares o irregulares, as\u00ed como tambi\u00e9n por la guerra comunicacional y sicol\u00f3gica. Pero seg\u00fan lo que recoge su art\u00edculo, est\u00e1 m\u00e1s relacionado con la actuaci\u00f3n de las Fuerzas Armadas del Estado junto a los paramilitares, pues son apoyados y realizan operaciones de la mano con ellos, m\u00e1s ahora que los gringos orientaron el despliegue del paramilitarismo en todo el territorio nacional; desde luego, eso es una guerra proxy, muy de moda en el mundo.<\/strong><\/p>\n","protected":false},"excerpt":{"rendered":"<p>Comandante Antonio Garcia Primer responsable del ELN. El art\u00edculo publicado el 4 de mayo en<\/p>\n","protected":false},"author":2,"featured_media":0,"comment_status":"open","ping_status":"open","sticky":false,"template":"","format":"standard","meta":{"h5ap_radio_sources":[],"footnotes":""},"categories":[449],"tags":[16,304,17,535,642],"class_list":["post-9340","post","type-post","status-publish","format-standard","hentry","category-https-eln-voces-net-2025-07-28-gentrificacion-otra-cara-del-despojo-noticiero-impacto-colombiano","tag-antonio-garcia","tag-cambio","tag-comandante","tag-eln-coce","tag-respuesta"],"_links":{"self":[{"href":"https:\/\/ranpal.org\/index.php?rest_route=\/wp\/v2\/posts\/9340","targetHints":{"allow":["GET"]}}],"collection":[{"href":"https:\/\/ranpal.org\/index.php?rest_route=\/wp\/v2\/posts"}],"about":[{"href":"https:\/\/ranpal.org\/index.php?rest_route=\/wp\/v2\/types\/post"}],"author":[{"embeddable":true,"href":"https:\/\/ranpal.org\/index.php?rest_route=\/wp\/v2\/users\/2"}],"replies":[{"embeddable":true,"href":"https:\/\/ranpal.org\/index.php?rest_route=%2Fwp%2Fv2%2Fcomments&post=9340"}],"version-history":[{"count":8,"href":"https:\/\/ranpal.org\/index.php?rest_route=\/wp\/v2\/posts\/9340\/revisions"}],"predecessor-version":[{"id":9348,"href":"https:\/\/ranpal.org\/index.php?rest_route=\/wp\/v2\/posts\/9340\/revisions\/9348"}],"wp:attachment":[{"href":"https:\/\/ranpal.org\/index.php?rest_route=%2Fwp%2Fv2%2Fmedia&parent=9340"}],"wp:term":[{"taxonomy":"category","embeddable":true,"href":"https:\/\/ranpal.org\/index.php?rest_route=%2Fwp%2Fv2%2Fcategories&post=9340"},{"taxonomy":"post_tag","embeddable":true,"href":"https:\/\/ranpal.org\/index.php?rest_route=%2Fwp%2Fv2%2Ftags&post=9340"}],"curies":[{"name":"wp","href":"https:\/\/api.w.org\/{rel}","templated":true}]}}