{"id":9415,"date":"2025-05-30T21:33:19","date_gmt":"2025-05-30T21:33:19","guid":{"rendered":"https:\/\/ranpal.org\/?p=9415"},"modified":"2025-05-30T21:53:57","modified_gmt":"2025-05-30T21:53:57","slug":"ejercer-el-poder","status":"publish","type":"post","link":"https:\/\/ranpal.org\/?p=9415","title":{"rendered":"EJERCER EL PODER"},"content":{"rendered":"<p>                                          <a href=\"https:\/\/freeimage.host\/i\/F92z3V1\"><img decoding=\"async\" src=\"https:\/\/iili.io\/F92z3V1.md.jpg\" alt=\"F92z3V1.md.jpg\" border=\"0\"><\/a><\/p>\n<p><strong>E<\/strong>ditorial semanal de la <strong>Revisa Insurrecci\u00f3n n\u00famero 1001, escrito por el Comando Central (COCE) del Ej\u00e9rcito de Liberaci\u00f3n Nacional (ELN) <\/strong> y publicado el lunes 26 de mayo del 2025 en el portal<a href=\"http:\/\/www.eln-voces.\" target=\"_blank\"> www.eln-voces.<\/a><\/p>\n<p>Para generar los cambios de fondo que demanda Colombia, Camilo convoc\u00f3 a la lucha determinada y sostenida del pueblo:<\/p>\n<p>\u201c<strong>Nada nos har\u00e1 desistir de nuestra lucha por organizar el pueblo e ir con \u00e9l hasta la toma del poder, cueste lo que cueste. Y lo decimos porque sabemos que es una decisi\u00f3n de las mayor\u00edas,<\/strong> sin cuyo apoyo y participaci\u00f3n activa, ni la c\u00e1rcel, ni las penalidades de la lucha tendr\u00edan sentido ni esperanza\u201d.<\/p>\n<p><strong>Ranpal \u00abVoz insurgente del pueblo colombiano\u00bb.<\/strong><br \/>\nBogot\u00e1 viernes 30 de mayo 2025.<br \/>\n<strong>\u00a1Palestina Libre!.<\/strong><\/p>\n<p><iframe src=\"https:\/\/www.ivoox.com\/player_ej_148855222_6_1.html?c1=e01b24\" width=\"100%\" height=\"200\" frameborder=\"0\" allowfullscreen=\"\" scrolling=\"no\" loading=\"lazy\"><\/iframe><\/p>\n","protected":false},"excerpt":{"rendered":"<p>Editorial semanal de la Revisa Insurrecci\u00f3n n\u00famero 1001, escrito por el Comando Central (COCE) del<\/p>\n","protected":false},"author":2,"featured_media":0,"comment_status":"open","ping_status":"open","sticky":false,"template":"","format":"standard","meta":{"h5ap_radio_sources":[],"footnotes":""},"categories":[15],"tags":[18,30,560,233],"class_list":["post-9415","post","type-post","status-publish","format-standard","hentry","category-editorial","tag-coce","tag-editorial","tag-eln-60-anos","tag-revista-insurreccion"],"_links":{"self":[{"href":"https:\/\/ranpal.org\/index.php?rest_route=\/wp\/v2\/posts\/9415","targetHints":{"allow":["GET"]}}],"collection":[{"href":"https:\/\/ranpal.org\/index.php?rest_route=\/wp\/v2\/posts"}],"about":[{"href":"https:\/\/ranpal.org\/index.php?rest_route=\/wp\/v2\/types\/post"}],"author":[{"embeddable":true,"href":"https:\/\/ranpal.org\/index.php?rest_route=\/wp\/v2\/users\/2"}],"replies":[{"embeddable":true,"href":"https:\/\/ranpal.org\/index.php?rest_route=%2Fwp%2Fv2%2Fcomments&post=9415"}],"version-history":[{"count":6,"href":"https:\/\/ranpal.org\/index.php?rest_route=\/wp\/v2\/posts\/9415\/revisions"}],"predecessor-version":[{"id":9422,"href":"https:\/\/ranpal.org\/index.php?rest_route=\/wp\/v2\/posts\/9415\/revisions\/9422"}],"wp:attachment":[{"href":"https:\/\/ranpal.org\/index.php?rest_route=%2Fwp%2Fv2%2Fmedia&parent=9415"}],"wp:term":[{"taxonomy":"category","embeddable":true,"href":"https:\/\/ranpal.org\/index.php?rest_route=%2Fwp%2Fv2%2Fcategories&post=9415"},{"taxonomy":"post_tag","embeddable":true,"href":"https:\/\/ranpal.org\/index.php?rest_route=%2Fwp%2Fv2%2Ftags&post=9415"}],"curies":[{"name":"wp","href":"https:\/\/api.w.org\/{rel}","templated":true}]}}