{"id":9464,"date":"2025-06-10T13:40:32","date_gmt":"2025-06-10T13:40:32","guid":{"rendered":"https:\/\/ranpal.org\/?p=9464"},"modified":"2025-06-10T13:41:18","modified_gmt":"2025-06-10T13:41:18","slug":"trascender-la-consulta-popular-noticiero-nacional","status":"publish","type":"post","link":"https:\/\/ranpal.org\/?p=9464","title":{"rendered":"TRASCENDER LA CONSULTA POPULAR. NOTICIERO NACIONAL"},"content":{"rendered":"<p>                              <a href='https:\/\/postimg.cc\/3WnHb6JH' target='_blank'><img src='https:\/\/i.postimg.cc\/7YyYb8Fb\/52-NOTICIERO-NACIONAL-IMPACTO-COLOMBIANO.png' border='0' alt='52-NOTICIERO-NACIONAL-IMPACTO-COLOMBIANO'\/><\/a><\/p>\n<p><strong>C<\/strong>ompartimos con ustedes la <strong>emisi\u00f3n n\u00famero 52 de Noticiero Nacional Impacto Colombiano, una producci\u00f3n del Sistema Informativo Nacional Patria Libre (Sinpal) del Ej\u00e9rcito de Liberaci\u00f3n Nacional (ELN). <\/strong>Escuche el editorial semanal del Comando Central, la columna del Comandante Antonio Garcia, los informes regionales de las diferentes emisoras en los Frentes de Guerra, el contexto urbano y mucho m\u00e1s \u00a1no se lo pierda!.<\/p>\n<p><strong> Ranpal \u00abComunicaci\u00f3n para la emancipaci\u00f3n\u00bb.<\/strong><br \/>\n Bogot\u00e1 martes 10 junio 2025.<br \/>\n<strong> \u00a1Palestina Libre!<\/strong><\/p>\n<p><iframe src=\"https:\/\/www.ivoox.com\/player_ej_149880240_6_1.html?c1=e01b24\" width=\"100%\" height=\"200\" frameborder=\"0\" allowfullscreen=\"\" scrolling=\"no\" loading=\"lazy\"><\/iframe><\/p>\n","protected":false},"excerpt":{"rendered":"<p>Compartimos con ustedes la emisi\u00f3n n\u00famero 52 de Noticiero Nacional Impacto Colombiano, una producci\u00f3n del<\/p>\n","protected":false},"author":2,"featured_media":0,"comment_status":"open","ping_status":"open","sticky":false,"template":"","format":"standard","meta":{"h5ap_radio_sources":[],"footnotes":""},"categories":[557],"tags":[535,559,558,22],"class_list":["post-9464","post","type-post","status-publish","format-standard","hentry","category-noticiero-impacto-colombiano","tag-eln-coce","tag-impacto-colombiano","tag-noticiero","tag-ranpal-org"],"_links":{"self":[{"href":"https:\/\/ranpal.org\/index.php?rest_route=\/wp\/v2\/posts\/9464","targetHints":{"allow":["GET"]}}],"collection":[{"href":"https:\/\/ranpal.org\/index.php?rest_route=\/wp\/v2\/posts"}],"about":[{"href":"https:\/\/ranpal.org\/index.php?rest_route=\/wp\/v2\/types\/post"}],"author":[{"embeddable":true,"href":"https:\/\/ranpal.org\/index.php?rest_route=\/wp\/v2\/users\/2"}],"replies":[{"embeddable":true,"href":"https:\/\/ranpal.org\/index.php?rest_route=%2Fwp%2Fv2%2Fcomments&post=9464"}],"version-history":[{"count":1,"href":"https:\/\/ranpal.org\/index.php?rest_route=\/wp\/v2\/posts\/9464\/revisions"}],"predecessor-version":[{"id":9465,"href":"https:\/\/ranpal.org\/index.php?rest_route=\/wp\/v2\/posts\/9464\/revisions\/9465"}],"wp:attachment":[{"href":"https:\/\/ranpal.org\/index.php?rest_route=%2Fwp%2Fv2%2Fmedia&parent=9464"}],"wp:term":[{"taxonomy":"category","embeddable":true,"href":"https:\/\/ranpal.org\/index.php?rest_route=%2Fwp%2Fv2%2Fcategories&post=9464"},{"taxonomy":"post_tag","embeddable":true,"href":"https:\/\/ranpal.org\/index.php?rest_route=%2Fwp%2Fv2%2Ftags&post=9464"}],"curies":[{"name":"wp","href":"https:\/\/api.w.org\/{rel}","templated":true}]}}