{"id":9468,"date":"2025-06-12T19:27:42","date_gmt":"2025-06-12T19:27:42","guid":{"rendered":"https:\/\/ranpal.org\/?p=9468"},"modified":"2025-06-15T20:29:32","modified_gmt":"2025-06-15T20:29:32","slug":"petro-no-cumple-la-lucha-sigue","status":"publish","type":"post","link":"https:\/\/ranpal.org\/?p=9468","title":{"rendered":"PETRO NO CUMPLE\u2026 LA LUCHA SIGUE"},"content":{"rendered":"<p>                                          <a href='https:\/\/postimg.cc\/56gkQF0J' target='_blank'><img src='https:\/\/i.postimg.cc\/VkPyTqPJ\/EDITORIAL.png' border='0' alt='EDITORIAL'\/><\/a><\/p>\n<p><strong><br \/>\nE<\/strong>ditorial de la Revista semanal Insurrecci\u00f3n n\u00famero 1003 escrito por el Comando Central del Ej\u00e9rcito de Liberaci\u00f3n Nacional y publicado este lunes 9 de junio del 2025 en el portal <a href=\"http:\/\/www.eln-voces.net.\" target=\"_blank\">www.eln-voces.net.<\/a><\/p>\n<p><strong>A<\/strong>nte la <strong>ausencia de una pol\u00edtica de paz por parte del gobierno, para dialogar con una insurgencia armada de car\u00e1cter social y pol\u00edtico, el ELN se ha quedado sin interlocutor. Super\u00e1ndose esta dificultad, <\/strong>seguimos dispuestos a buscar las transformaciones, con la participaci\u00f3n directa y el poder del pueblo, que garanticen la paz para Colombia.<\/p>\n<p><a href=\"https:\/\/radio.eln-voces.net\/public\/ranpal\/podcast\/1f047c42-3a76-6bda-925f-4b27424c43da\/episode\/1f047c4f-96f6-6e98-964f-e5a0d06d6a4c\" target=\"_blank\">DESCARGAR Y ESCUCHAR AUDIO DESDE AZURCAST<\/a><br \/>\n<strong><br \/>\nRanpal \u00abVoz y sentir del pueblo colombiano\u00bb.<\/strong><br \/>\nBogot\u00e1 jueves 12 del 2025.<br \/>\n<strong>\u00a1Palestina Libre!<\/strong><\/p>\n<p><iframe src=\"https:\/\/www.ivoox.com\/player_ej_150092624_6_1.html?c1=e01b24\" width=\"100%\" height=\"200\" frameborder=\"0\" allowfullscreen=\"\" scrolling=\"no\" loading=\"lazy\"><\/iframe><\/p>\n","protected":false},"excerpt":{"rendered":"<p>Editorial de la Revista semanal Insurrecci\u00f3n n\u00famero 1003 escrito por el Comando Central del Ej\u00e9rcito<\/p>\n","protected":false},"author":2,"featured_media":0,"comment_status":"open","ping_status":"open","sticky":false,"template":"","format":"standard","meta":{"h5ap_radio_sources":[],"footnotes":""},"categories":[15],"tags":[],"class_list":["post-9468","post","type-post","status-publish","format-standard","hentry","category-editorial"],"_links":{"self":[{"href":"https:\/\/ranpal.org\/index.php?rest_route=\/wp\/v2\/posts\/9468","targetHints":{"allow":["GET"]}}],"collection":[{"href":"https:\/\/ranpal.org\/index.php?rest_route=\/wp\/v2\/posts"}],"about":[{"href":"https:\/\/ranpal.org\/index.php?rest_route=\/wp\/v2\/types\/post"}],"author":[{"embeddable":true,"href":"https:\/\/ranpal.org\/index.php?rest_route=\/wp\/v2\/users\/2"}],"replies":[{"embeddable":true,"href":"https:\/\/ranpal.org\/index.php?rest_route=%2Fwp%2Fv2%2Fcomments&post=9468"}],"version-history":[{"count":5,"href":"https:\/\/ranpal.org\/index.php?rest_route=\/wp\/v2\/posts\/9468\/revisions"}],"predecessor-version":[{"id":9473,"href":"https:\/\/ranpal.org\/index.php?rest_route=\/wp\/v2\/posts\/9468\/revisions\/9473"}],"wp:attachment":[{"href":"https:\/\/ranpal.org\/index.php?rest_route=%2Fwp%2Fv2%2Fmedia&parent=9468"}],"wp:term":[{"taxonomy":"category","embeddable":true,"href":"https:\/\/ranpal.org\/index.php?rest_route=%2Fwp%2Fv2%2Fcategories&post=9468"},{"taxonomy":"post_tag","embeddable":true,"href":"https:\/\/ranpal.org\/index.php?rest_route=%2Fwp%2Fv2%2Ftags&post=9468"}],"curies":[{"name":"wp","href":"https:\/\/api.w.org\/{rel}","templated":true}]}}