{"id":9509,"date":"2025-06-30T16:39:46","date_gmt":"2025-06-30T16:39:46","guid":{"rendered":"https:\/\/ranpal.org\/?p=9509"},"modified":"2025-06-30T16:47:08","modified_gmt":"2025-06-30T16:47:08","slug":"el-sueno-de-camilo-sigue-intacto","status":"publish","type":"post","link":"https:\/\/ranpal.org\/?p=9509","title":{"rendered":"EL SUE\u00d1O DE CAMILO SIGUE INTACTO"},"content":{"rendered":"<p>                                    <a href='https:\/\/postimg.cc\/qgDfmSBr' target='_blank'><img src='https:\/\/i.postimg.cc\/c40sJGVv\/EDITORIAL-1006-01.png' border='0' alt='EDITORIAL-1006-01'\/><\/a><\/p>\n<p><strong>E<\/strong>ditorial semanal de la <strong>Revista Insurrecci\u00f3n n\u00famero 1006, escrito por el Comando Central (COCE) del EJ\u00e9rcito de Liberaci\u00f3n Nacional(ELN) <\/strong>y publicado este lunes 30 de junio en el portal www.eln-voces.net<\/p>\n<p>\u00abConsecuentes con esas aspiraciones de Camilo y el pueblo colombiano, <strong>en este 61 aniversario del ELN reafirmamos nuestra invitaci\u00f3n a los sectores democr\u00e1ticos, populares y revolucionarios a fortalecer la lucha,<\/strong> hasta alcanzar las transformaciones que la naci\u00f3n reclama\u00bb. (Coce-Editorial 1006).<\/p>\n<p><a href=\"https:\/\/radio.eln-voces.net\/public\/ranpal\/podcast\/1f055d15-a296-6828-bf50-0353d6d84854\/episode\/1f055d1b-2823-6dce-bf50-ad27bfa24c2b\" target=\"_blank\">ESCUCHAR Y DESCARGAR AUDIO DESDE AZURACAST<\/a><\/p>\n<p><strong>Ranpal \u00abcomunicaci\u00f3n para la emancipaci\u00f3n\u00bb<\/strong><br \/>\nBogot\u00e1 lunes 30 junio 2025.<br \/>\n<strong>\u00a1Palestina Libre!<\/strong><\/p>\n<p><iframe src=\"https:\/\/www.ivoox.com\/player_ej_151426702_6_1.html?c1=e01b24\" width=\"100%\" height=\"200\" frameborder=\"0\" allowfullscreen=\"\" scrolling=\"no\" loading=\"lazy\"><\/iframe><\/p>\n","protected":false},"excerpt":{"rendered":"<p>Editorial semanal de la Revista Insurrecci\u00f3n n\u00famero 1006, escrito por el Comando Central (COCE) del<\/p>\n","protected":false},"author":2,"featured_media":0,"comment_status":"open","ping_status":"open","sticky":false,"template":"","format":"standard","meta":{"h5ap_radio_sources":[],"footnotes":""},"categories":[15],"tags":[18,30,655,233],"class_list":["post-9509","post","type-post","status-publish","format-standard","hentry","category-editorial","tag-coce","tag-editorial","tag-eln-61-anos","tag-revista-insurreccion"],"_links":{"self":[{"href":"https:\/\/ranpal.org\/index.php?rest_route=\/wp\/v2\/posts\/9509","targetHints":{"allow":["GET"]}}],"collection":[{"href":"https:\/\/ranpal.org\/index.php?rest_route=\/wp\/v2\/posts"}],"about":[{"href":"https:\/\/ranpal.org\/index.php?rest_route=\/wp\/v2\/types\/post"}],"author":[{"embeddable":true,"href":"https:\/\/ranpal.org\/index.php?rest_route=\/wp\/v2\/users\/2"}],"replies":[{"embeddable":true,"href":"https:\/\/ranpal.org\/index.php?rest_route=%2Fwp%2Fv2%2Fcomments&post=9509"}],"version-history":[{"count":3,"href":"https:\/\/ranpal.org\/index.php?rest_route=\/wp\/v2\/posts\/9509\/revisions"}],"predecessor-version":[{"id":9513,"href":"https:\/\/ranpal.org\/index.php?rest_route=\/wp\/v2\/posts\/9509\/revisions\/9513"}],"wp:attachment":[{"href":"https:\/\/ranpal.org\/index.php?rest_route=%2Fwp%2Fv2%2Fmedia&parent=9509"}],"wp:term":[{"taxonomy":"category","embeddable":true,"href":"https:\/\/ranpal.org\/index.php?rest_route=%2Fwp%2Fv2%2Fcategories&post=9509"},{"taxonomy":"post_tag","embeddable":true,"href":"https:\/\/ranpal.org\/index.php?rest_route=%2Fwp%2Fv2%2Ftags&post=9509"}],"curies":[{"name":"wp","href":"https:\/\/api.w.org\/{rel}","templated":true}]}}