{"id":9525,"date":"2025-07-07T19:04:33","date_gmt":"2025-07-07T19:04:33","guid":{"rendered":"https:\/\/ranpal.org\/?p=9525"},"modified":"2025-07-07T19:11:06","modified_gmt":"2025-07-07T19:11:06","slug":"por-que-no-han-acabado-al-eln","status":"publish","type":"post","link":"https:\/\/ranpal.org\/?p=9525","title":{"rendered":"\u00bfPOR QU\u00c9 NO HAN ACABADO AL ELN?"},"content":{"rendered":"<p>                               <a href='https:\/\/postimg.cc\/fkxJLCnF' target='_blank'><img src='https:\/\/i.postimg.cc\/9XkTLgxW\/WEDITORIAL-1007.png' border='0' alt='WEDITORIAL-1007'\/><\/a><\/p>\n<p><strong>E<\/strong>ditorial de la Revista Insurrecci\u00f3n n\u00famero 1007, escrito por el Comando Central(COCE) del Ej\u00e9rcito de Liberaci\u00f3n Nacional (ELN) y publicado este lunes 07 de julio en el portal <a href=\"http:\/\/www-eln-voces.net\" target=\"_blank\">www-eln-voces.net<\/a><\/p>\n<p><strong>En octubre de 1965, Camilo tambi\u00e9n se pregunt\u00f3: \u201c\u00bfPor qu\u00e9 no han acabado con la guerrilla de Simacota? \u00danicamente por el apoyo de los campesinos\u201d<\/strong>. Se refer\u00eda al ELN, que hab\u00eda surgido como guerrilla, con la toma del municipio de Simacota, el 7 de enero de 1965. Camilo resaltaba el apoyo del pueblo, como condici\u00f3n indispensable para que una guerrilla no sea exterminada; y este ha sido el factor principal que ha mantenido vivo al ELN en estos 61 a\u00f1os de lucha.<\/p>\n<p><a href=\"https:\/\/radio.eln-voces.net\/public\/ranpal\/podcast\/1f05b65b-fa56-6708-9b15-cfeef2fef5c3\/episode\/1f05b65f-37fb-69fc-83da-37b18e6e9282\" target=\"_blank\">ESCUCHE Y COMPARTA AUDIO DESDE AZURACAST<\/a><\/p>\n<p><strong>Ranpal \u00abVoz y sentir del pueblo colombiano\u00bb.<\/strong><br \/>\nBogot\u00e1 lunes 07 de julio 2025.<br \/>\n<strong>\u00a1Palestina Libre!<\/strong><\/p>\n<p><iframe src=\"https:\/\/www.ivoox.com\/player_ej_151993562_6_1.html?c1=e01b24\" width=\"100%\" height=\"200\" frameborder=\"0\" allowfullscreen=\"\" scrolling=\"no\" loading=\"lazy\"><\/iframe><\/p>\n","protected":false},"excerpt":{"rendered":"<p>Editorial de la Revista Insurrecci\u00f3n n\u00famero 1007, escrito por el Comando Central(COCE) del Ej\u00e9rcito de<\/p>\n","protected":false},"author":2,"featured_media":0,"comment_status":"open","ping_status":"open","sticky":false,"template":"","format":"standard","meta":{"h5ap_radio_sources":[],"footnotes":""},"categories":[15],"tags":[18,30,655,656],"class_list":["post-9525","post","type-post","status-publish","format-standard","hentry","category-editorial","tag-coce","tag-editorial","tag-eln-61-anos","tag-revista-insurreccion-1007"],"_links":{"self":[{"href":"https:\/\/ranpal.org\/index.php?rest_route=\/wp\/v2\/posts\/9525","targetHints":{"allow":["GET"]}}],"collection":[{"href":"https:\/\/ranpal.org\/index.php?rest_route=\/wp\/v2\/posts"}],"about":[{"href":"https:\/\/ranpal.org\/index.php?rest_route=\/wp\/v2\/types\/post"}],"author":[{"embeddable":true,"href":"https:\/\/ranpal.org\/index.php?rest_route=\/wp\/v2\/users\/2"}],"replies":[{"embeddable":true,"href":"https:\/\/ranpal.org\/index.php?rest_route=%2Fwp%2Fv2%2Fcomments&post=9525"}],"version-history":[{"count":4,"href":"https:\/\/ranpal.org\/index.php?rest_route=\/wp\/v2\/posts\/9525\/revisions"}],"predecessor-version":[{"id":9529,"href":"https:\/\/ranpal.org\/index.php?rest_route=\/wp\/v2\/posts\/9525\/revisions\/9529"}],"wp:attachment":[{"href":"https:\/\/ranpal.org\/index.php?rest_route=%2Fwp%2Fv2%2Fmedia&parent=9525"}],"wp:term":[{"taxonomy":"category","embeddable":true,"href":"https:\/\/ranpal.org\/index.php?rest_route=%2Fwp%2Fv2%2Fcategories&post=9525"},{"taxonomy":"post_tag","embeddable":true,"href":"https:\/\/ranpal.org\/index.php?rest_route=%2Fwp%2Fv2%2Ftags&post=9525"}],"curies":[{"name":"wp","href":"https:\/\/api.w.org\/{rel}","templated":true}]}}