{"id":9546,"date":"2025-07-19T20:14:54","date_gmt":"2025-07-19T20:14:54","guid":{"rendered":"https:\/\/ranpal.org\/?p=9546"},"modified":"2025-07-19T23:19:11","modified_gmt":"2025-07-19T23:19:11","slug":"hacia-la-auto-determinacion-nacional-noticiero-impacto-colombiano","status":"publish","type":"post","link":"https:\/\/ranpal.org\/?p=9546","title":{"rendered":"HACIA LA AUTO DETERMINACI\u00d3N NACIONAL. NOTICIERO IMPACTO COLOMBIANO"},"content":{"rendered":"<p>                                  <a href='https:\/\/postimg.cc\/hh7ZdwM2' target='_blank'><img src='https:\/\/i.postimg.cc\/tRBKLG6G\/57-NOTICIERO-NACIONAL-IMPACTO-COLOMBIANO.png' border='0' alt='57-NOTICIERO-NACIONAL-IMPACTO-COLOMBIANO'\/><\/a><\/p>\n<p><strong>L<\/strong>es dejamos a su alcance la emisi\u00f3n n\u00famero 57 del Noticiero Nacional Impacto Colombiano, \u00abvoces elenas transmitiendo desde las ra\u00edces populares\u00bb. <strong>Escuche el editorial semanal de la Revista Insurrecci\u00f3n, la columna de Cmte Antonio Garcia, reflexiones econ\u00f3micas, informe de las regiones y s\u00edntesis.<\/strong><\/p>\n<p><a href=\"https:\/\/radio.eln-voces.net\/public\/ranpal\/podcast\/1f064f34-c4e6-6a6a-9afd-f50fc2f87de1\/episode\/1f064f45-8e2b-6960-9afd-89d6d6f1c034\" target=\"_blank\">ESCUCHAR Y COMPARTIR AUDIO DESDE AZURACAST<\/a><br \/>\n<strong><br \/>\nRanpal \u00abVoz y sentir del pueblo colombiano\u00bb.<\/strong><br \/>\nBogot\u00e1 s\u00e1bado 19 de julio del 2025.<br \/>\n<strong>\u00a1Palestina Libre!<\/strong><\/p>\n","protected":false},"excerpt":{"rendered":"<p>Les dejamos a su alcance la emisi\u00f3n n\u00famero 57 del Noticiero Nacional Impacto Colombiano, \u00abvoces<\/p>\n","protected":false},"author":2,"featured_media":0,"comment_status":"open","ping_status":"open","sticky":false,"template":"","format":"standard","meta":{"h5ap_radio_sources":[],"footnotes":""},"categories":[557],"tags":[30,559,558,589,6],"class_list":["post-9546","post","type-post","status-publish","format-standard","hentry","category-noticiero-impacto-colombiano","tag-editorial","tag-impacto-colombiano","tag-noticiero","tag-regiones","tag-revista"],"_links":{"self":[{"href":"https:\/\/ranpal.org\/index.php?rest_route=\/wp\/v2\/posts\/9546","targetHints":{"allow":["GET"]}}],"collection":[{"href":"https:\/\/ranpal.org\/index.php?rest_route=\/wp\/v2\/posts"}],"about":[{"href":"https:\/\/ranpal.org\/index.php?rest_route=\/wp\/v2\/types\/post"}],"author":[{"embeddable":true,"href":"https:\/\/ranpal.org\/index.php?rest_route=\/wp\/v2\/users\/2"}],"replies":[{"embeddable":true,"href":"https:\/\/ranpal.org\/index.php?rest_route=%2Fwp%2Fv2%2Fcomments&post=9546"}],"version-history":[{"count":5,"href":"https:\/\/ranpal.org\/index.php?rest_route=\/wp\/v2\/posts\/9546\/revisions"}],"predecessor-version":[{"id":9554,"href":"https:\/\/ranpal.org\/index.php?rest_route=\/wp\/v2\/posts\/9546\/revisions\/9554"}],"wp:attachment":[{"href":"https:\/\/ranpal.org\/index.php?rest_route=%2Fwp%2Fv2%2Fmedia&parent=9546"}],"wp:term":[{"taxonomy":"category","embeddable":true,"href":"https:\/\/ranpal.org\/index.php?rest_route=%2Fwp%2Fv2%2Fcategories&post=9546"},{"taxonomy":"post_tag","embeddable":true,"href":"https:\/\/ranpal.org\/index.php?rest_route=%2Fwp%2Fv2%2Ftags&post=9546"}],"curies":[{"name":"wp","href":"https:\/\/api.w.org\/{rel}","templated":true}]}}