{"id":9564,"date":"2025-07-22T14:49:59","date_gmt":"2025-07-22T14:49:59","guid":{"rendered":"https:\/\/ranpal.org\/?p=9564"},"modified":"2025-07-22T15:01:29","modified_gmt":"2025-07-22T15:01:29","slug":"carbon-de-la-guajira-al-genocidio-de-gaza-noticiero-nacional","status":"publish","type":"post","link":"https:\/\/ranpal.org\/?p=9564","title":{"rendered":"CARB\u00d3N DE LA GUAJIRA AL GENOCIDIO DE GAZA. NOTICIERO NACIONAL"},"content":{"rendered":"<p>                                                <a href='https:\/\/postimg.cc\/R6HXXbXS' target='_blank'><img src='https:\/\/i.postimg.cc\/G2MV3WDy\/58-NOTICIERO-NACIONALIMPACT.png' border='0' alt='58-NOTICIERO-NACIONALIMPACT'\/><\/a><\/p>\n<p>Compartimos con nuestra audiencia la emisi\u00f3n n\u00famero 58 del <strong>Noticiero Nacional Impacto Colombiano, una producci\u00f3n del Sistema Informativo Nacional Patria Libre(SINPAL) del Ej\u00e9rcito de Liberaci\u00f3n Nacional(ELN).<\/strong> Aqu\u00ed escuche el editorial semanal de la Revista Insurrecci\u00f3n, la columna del Comandante Antonio Garc\u00eda, informe de regiones y m\u00e1s. <strong>\u00a1No se lo pierda!<\/strong>.<\/p>\n<p><a href=\"https:\/\/radio.eln-voces.net\/public\/ranpal\/podcast\/1f067074-63a6-6dd4-a64e-fb9c2c05e803\/episode\/1f06708d-7861-6d0a-b629-4ba7eafbdba7\" target=\"_blank\">ESCUCHAR Y COMPARTIR DESDE AZURACAST<\/a><\/p>\n<p><strong>Ranpal \u00abComunicaci\u00f3n para la insurrecci\u00f3n popular\u00bb.<\/strong><br \/>\nBogot\u00e1 martes 22 julio del 2025.<br \/>\n<strong>\u00a1Palestina Libre!<\/strong><\/p>\n<p><iframe src=\"https:\/\/www.ivoox.com\/player_ej_153569952_6_1.html?c1=e42904\" width=\"100%\" height=\"200\" frameborder=\"0\" allowfullscreen=\"\" scrolling=\"no\" loading=\"lazy\"><\/iframe><\/p>\n","protected":false},"excerpt":{"rendered":"<p>Compartimos con nuestra audiencia la emisi\u00f3n n\u00famero 58 del Noticiero Nacional Impacto Colombiano, una producci\u00f3n<\/p>\n","protected":false},"author":2,"featured_media":0,"comment_status":"open","ping_status":"open","sticky":false,"template":"","format":"standard","meta":{"h5ap_radio_sources":[],"footnotes":""},"categories":[557],"tags":[133,655,558,589],"class_list":["post-9564","post","type-post","status-publish","format-standard","hentry","category-noticiero-impacto-colombiano","tag-colombia","tag-eln-61-anos","tag-noticiero","tag-regiones"],"_links":{"self":[{"href":"https:\/\/ranpal.org\/index.php?rest_route=\/wp\/v2\/posts\/9564","targetHints":{"allow":["GET"]}}],"collection":[{"href":"https:\/\/ranpal.org\/index.php?rest_route=\/wp\/v2\/posts"}],"about":[{"href":"https:\/\/ranpal.org\/index.php?rest_route=\/wp\/v2\/types\/post"}],"author":[{"embeddable":true,"href":"https:\/\/ranpal.org\/index.php?rest_route=\/wp\/v2\/users\/2"}],"replies":[{"embeddable":true,"href":"https:\/\/ranpal.org\/index.php?rest_route=%2Fwp%2Fv2%2Fcomments&post=9564"}],"version-history":[{"count":4,"href":"https:\/\/ranpal.org\/index.php?rest_route=\/wp\/v2\/posts\/9564\/revisions"}],"predecessor-version":[{"id":9568,"href":"https:\/\/ranpal.org\/index.php?rest_route=\/wp\/v2\/posts\/9564\/revisions\/9568"}],"wp:attachment":[{"href":"https:\/\/ranpal.org\/index.php?rest_route=%2Fwp%2Fv2%2Fmedia&parent=9564"}],"wp:term":[{"taxonomy":"category","embeddable":true,"href":"https:\/\/ranpal.org\/index.php?rest_route=%2Fwp%2Fv2%2Fcategories&post=9564"},{"taxonomy":"post_tag","embeddable":true,"href":"https:\/\/ranpal.org\/index.php?rest_route=%2Fwp%2Fv2%2Ftags&post=9564"}],"curies":[{"name":"wp","href":"https:\/\/api.w.org\/{rel}","templated":true}]}}