{"id":9571,"date":"2025-07-25T14:45:31","date_gmt":"2025-07-25T14:45:31","guid":{"rendered":"https:\/\/ranpal.org\/?p=9571"},"modified":"2025-07-25T15:16:53","modified_gmt":"2025-07-25T15:16:53","slug":"estado-y-gobierno-irresponsables-con-la-vida-colombiana-noticiero-nacional","status":"publish","type":"post","link":"https:\/\/ranpal.org\/?p=9571","title":{"rendered":"ESTADO Y GOBIERNO IRRESPONSABLES CON LA VIDA COLOMBIANA. NOTICIERO NACIONAL"},"content":{"rendered":"<p>                            <a href='https:\/\/postimg.cc\/NLyvBZGB' target='_blank'><img src='https:\/\/i.postimg.cc\/T20dqXZL\/59-NOTICIERO-NAL-IMPC.png' border='0' alt='59-NOTICIERO-NAL-IMPC'\/><\/a><\/p>\n<p><strong>D<\/strong>ejamos a su alcance la emisi\u00f3n n\u00famero 59 del Noticiero Nacional Impacto Colombiano, voces elenas informando desde las ra\u00edces populares. <strong>Ahora tambi\u00e9n todo los viernes como otra manera insurgente de ver y compartir las lectura del acontecer nacional, regional e internacional.<\/strong> Escuche aqu\u00ed la s\u00edntesis noticiosa nacional, mirada econ\u00f3mica, la \u00abCampa\u00f1a 60 a\u00f1os Camilo Vive Junto a Manuel\u00bb, de qu\u00e9 se est\u00e1 hablando esta semana en redes, regiones e informe de seguridad. <strong>\u00a1No se lo pierda!<\/strong><\/p>\n<p><a href=\"https:\/\/radio.eln-voces.net\/public\/ranpal\/podcast\/1f069668-7d0c-6e12-b1e4-197a86be418e\/episode\/1f069679-380f-69b6-bdb5-a7f6da51edd4\" target=\"_blank\">ESCUCHAR Y COMPARTIR NOTICIERO DESDE AZURACAST<\/a><br \/>\n<strong><br \/>\nRanpal \u00abComunicaci\u00f3n para la emancipaci\u00f3n\u00bb.<\/strong><br \/>\nBogot\u00e1 viernes 25 de julio 2025.<br \/>\n<strong>\u00a1Palestina Libre!<\/strong><\/p>\n<p><iframe src=\"https:\/\/www.ivoox.com\/player_ej_153821028_6_1.html?c1=e42904\" width=\"100%\" height=\"200\" frameborder=\"0\" allowfullscreen=\"\" scrolling=\"no\" loading=\"lazy\"><\/iframe><\/p>\n","protected":false},"excerpt":{"rendered":"<p>Dejamos a su alcance la emisi\u00f3n n\u00famero 59 del Noticiero Nacional Impacto Colombiano, voces elenas<\/p>\n","protected":false},"author":2,"featured_media":0,"comment_status":"open","ping_status":"open","sticky":false,"template":"","format":"standard","meta":{"h5ap_radio_sources":[],"footnotes":""},"categories":[557],"tags":[133,5,438,117,7,661],"class_list":["post-9571","post","type-post","status-publish","format-standard","hentry","category-noticiero-impacto-colombiano","tag-colombia","tag-eln","tag-estado","tag-gobierno","tag-insurreccion","tag-noticiero-regiones"],"_links":{"self":[{"href":"https:\/\/ranpal.org\/index.php?rest_route=\/wp\/v2\/posts\/9571","targetHints":{"allow":["GET"]}}],"collection":[{"href":"https:\/\/ranpal.org\/index.php?rest_route=\/wp\/v2\/posts"}],"about":[{"href":"https:\/\/ranpal.org\/index.php?rest_route=\/wp\/v2\/types\/post"}],"author":[{"embeddable":true,"href":"https:\/\/ranpal.org\/index.php?rest_route=\/wp\/v2\/users\/2"}],"replies":[{"embeddable":true,"href":"https:\/\/ranpal.org\/index.php?rest_route=%2Fwp%2Fv2%2Fcomments&post=9571"}],"version-history":[{"count":4,"href":"https:\/\/ranpal.org\/index.php?rest_route=\/wp\/v2\/posts\/9571\/revisions"}],"predecessor-version":[{"id":9576,"href":"https:\/\/ranpal.org\/index.php?rest_route=\/wp\/v2\/posts\/9571\/revisions\/9576"}],"wp:attachment":[{"href":"https:\/\/ranpal.org\/index.php?rest_route=%2Fwp%2Fv2%2Fmedia&parent=9571"}],"wp:term":[{"taxonomy":"category","embeddable":true,"href":"https:\/\/ranpal.org\/index.php?rest_route=%2Fwp%2Fv2%2Fcategories&post=9571"},{"taxonomy":"post_tag","embeddable":true,"href":"https:\/\/ranpal.org\/index.php?rest_route=%2Fwp%2Fv2%2Ftags&post=9571"}],"curies":[{"name":"wp","href":"https:\/\/api.w.org\/{rel}","templated":true}]}}