{"id":9577,"date":"2025-07-28T17:59:31","date_gmt":"2025-07-28T17:59:31","guid":{"rendered":"https:\/\/ranpal.org\/?p=9577"},"modified":"2025-07-28T18:46:59","modified_gmt":"2025-07-28T18:46:59","slug":"el-derecho-a-la-resistencia-ante-la-agresion","status":"publish","type":"post","link":"https:\/\/ranpal.org\/?p=9577","title":{"rendered":"EL DERECHO A LA RESISTENCIA ANTE LA AGRESI\u00d3N"},"content":{"rendered":"<p>                      <a href='https:\/\/postimg.cc\/gwpWrcpj' target='_blank'><img src='https:\/\/i.postimg.cc\/fbtT2kgc\/EDITORIAL-INSURRECCION-1010.png' border='0' alt='EDITORIAL-INSURRECCION-1010'\/><\/a><\/p>\n<p><strong>E<\/strong>ditorial semanal de la <strong>Revista Insurrecci\u00f3n n\u00famero 1010 escrito por el Comando Central (COCE) del Ej\u00e9rcito de Liberaci\u00f3n Nacional(ELN) y<\/strong> publicada este lunes 28 de julio en el portal www.eln-voces.net<\/p>\n<p>\u00abEs \u2018tapar el sol con un dedo\u2019 decir que no existe <strong>un conflicto interno de car\u00e1cter social, pol\u00edtico y armado, que enfrenta a la oligarqu\u00eda y al imperio, contra las fuerzas populares. Porque, ante el empobrecimiento y exclusi\u00f3n creciente de la mayor\u00eda, y el vasallaje de nuestro pa\u00eds ante el imperio,<\/strong> la lucha y resistencia popular continuar\u00e1, hasta lograr que<br \/>\nColombia sea una naci\u00f3n soberana, democr\u00e1tica y en paz\u00bb.<br \/>\n<strong><\/p>\n<p><a href=\"https:\/\/radio.eln-voces.net\/public\/ranpal\/podcast\/1f06bdde-c766-64fc-a7bf-79547d45bae9\/episode\/1f06bde0-d987-6544-8bd0-1ff31783be46\" target=\"_blank\">ESCUCHE, COMPARTA Y DESCARGUE AUDIO DESDE AZURACAST<\/a><\/p>\n<p>Ranpal\u00bb Voz y sentir del pueblo colombiano\u00bb.<\/strong><br \/>\nBoogt\u00e1 lunes 28 de julio 2025.<br \/>\n<strong>!Palestina Libre\u00a1<\/strong><\/p>\n<p><iframe src=\"https:\/\/www.ivoox.com\/player_ej_154054137_6_1.html?c1=ed333b\" width=\"100%\" height=\"200\" frameborder=\"0\" allowfullscreen=\"\" scrolling=\"no\" loading=\"lazy\"><\/iframe><\/p>\n","protected":false},"excerpt":{"rendered":"<p>Editorial semanal de la Revista Insurrecci\u00f3n n\u00famero 1010 escrito por el Comando Central (COCE) del<\/p>\n","protected":false},"author":2,"featured_media":0,"comment_status":"open","ping_status":"open","sticky":false,"template":"","format":"standard","meta":{"h5ap_radio_sources":[],"footnotes":""},"categories":[15],"tags":[18,133,30,655,22],"class_list":["post-9577","post","type-post","status-publish","format-standard","hentry","category-editorial","tag-coce","tag-colombia","tag-editorial","tag-eln-61-anos","tag-ranpal-org"],"_links":{"self":[{"href":"https:\/\/ranpal.org\/index.php?rest_route=\/wp\/v2\/posts\/9577","targetHints":{"allow":["GET"]}}],"collection":[{"href":"https:\/\/ranpal.org\/index.php?rest_route=\/wp\/v2\/posts"}],"about":[{"href":"https:\/\/ranpal.org\/index.php?rest_route=\/wp\/v2\/types\/post"}],"author":[{"embeddable":true,"href":"https:\/\/ranpal.org\/index.php?rest_route=\/wp\/v2\/users\/2"}],"replies":[{"embeddable":true,"href":"https:\/\/ranpal.org\/index.php?rest_route=%2Fwp%2Fv2%2Fcomments&post=9577"}],"version-history":[{"count":5,"href":"https:\/\/ranpal.org\/index.php?rest_route=\/wp\/v2\/posts\/9577\/revisions"}],"predecessor-version":[{"id":9583,"href":"https:\/\/ranpal.org\/index.php?rest_route=\/wp\/v2\/posts\/9577\/revisions\/9583"}],"wp:attachment":[{"href":"https:\/\/ranpal.org\/index.php?rest_route=%2Fwp%2Fv2%2Fmedia&parent=9577"}],"wp:term":[{"taxonomy":"category","embeddable":true,"href":"https:\/\/ranpal.org\/index.php?rest_route=%2Fwp%2Fv2%2Fcategories&post=9577"},{"taxonomy":"post_tag","embeddable":true,"href":"https:\/\/ranpal.org\/index.php?rest_route=%2Fwp%2Fv2%2Ftags&post=9577"}],"curies":[{"name":"wp","href":"https:\/\/api.w.org\/{rel}","templated":true}]}}