{"id":9645,"date":"2025-08-16T15:11:50","date_gmt":"2025-08-16T15:11:50","guid":{"rendered":"https:\/\/ranpal.org\/?p=9645"},"modified":"2025-08-16T16:06:25","modified_gmt":"2025-08-16T16:06:25","slug":"colombia-y-la-poquedad-de-la-paz","status":"publish","type":"post","link":"https:\/\/ranpal.org\/?p=9645","title":{"rendered":"COLOMBIA Y LA POQUEDAD DE LA PAZ"},"content":{"rendered":"<p>                     <a href='https:\/\/postimg.cc\/SXJ1gZNk' target='_blank'><img src='https:\/\/i.postimg.cc\/ZqckKgGB\/COLUMNA-1012.jpg' border='0' alt='COLUMNA-1012'\/><\/a><\/p>\n<p><strong>A<\/strong>udio de la <strong>Columna semanal del Comandante Antonio Garc\u00eda, responsable pol\u00edtico del Ej\u00e9rcito de Liberaci\u00f3n Nacional\/ELN), publicada en su cuenta de Telegram <a href=\"https:\/\/t.me\/ELN_AntonioGarcia\" target=\"_blank\">https:\/\/t.me\/ELN_AntonioGarcia<\/a> e igualmente la Revista Insurrecci\u00f3n n\u00famero 1012  <a href=\"https:\/\/eln-voces.net\/\" target=\"_blank\">https:\/\/eln-voces.net\/<\/a><\/p>\n<p>Luego que la justicia \u00b4toc\u00f3\u2019 a Uribe, \u00e9l ha vuelto a su esp\u00edritu pol\u00edtico de ofensiva manifestando que \u00abNecesitamos un nuevo plan Colombia con los Estados Unidos y la alianza con Israel\u00bb, mejor dicho un Plan a lo Trump y Netanyahu.<\/p>\n<p><a href=\"https:\/\/radio.eln-voces.net\/public\/ranpal\/podcast\/1f07aba9-ed5f-6d98-9dba-a76b79e1a5d5\/episode\/1f07abad-0ce6-6ba0-9095-592d9cb230fc\" target=\"_blank\">ESCUCHAR Y COMPARTIR AUDIO DESDE AZURACAST<\/a><\/p>\n<p><strong>Ranpal \u00abVoz y sentir del pueblo colombiano\u00bb.<\/strong><br \/>\nBogot\u00e1 s\u00e1bado 16 de agosto 2025<br \/>\n<strong>\u00a1Palestina Libre!<\/strong><\/p>\n<p><iframe src=\"https:\/\/www.ivoox.com\/player_ej_155632182_6_1.html?c1=e01b24\" width=\"100%\" height=\"200\" frameborder=\"0\" allowfullscreen=\"\" scrolling=\"no\" loading=\"lazy\"><\/iframe><\/p>\n","protected":false},"excerpt":{"rendered":"<p>Audio de la Columna semanal del Comandante Antonio Garc\u00eda, responsable pol\u00edtico del Ej\u00e9rcito de Liberaci\u00f3n<\/p>\n","protected":false},"author":2,"featured_media":0,"comment_status":"open","ping_status":"open","sticky":false,"template":"","format":"standard","meta":{"h5ap_radio_sources":[],"footnotes":""},"categories":[449],"tags":[564,133,233,669],"class_list":["post-9645","post","type-post","status-publish","format-standard","hentry","category-https-eln-voces-net-2025-07-28-gentrificacion-otra-cara-del-despojo-noticiero-impacto-colombiano","tag-cmte-antonio","tag-colombia","tag-revista-insurreccion","tag-uribismo"],"_links":{"self":[{"href":"https:\/\/ranpal.org\/index.php?rest_route=\/wp\/v2\/posts\/9645","targetHints":{"allow":["GET"]}}],"collection":[{"href":"https:\/\/ranpal.org\/index.php?rest_route=\/wp\/v2\/posts"}],"about":[{"href":"https:\/\/ranpal.org\/index.php?rest_route=\/wp\/v2\/types\/post"}],"author":[{"embeddable":true,"href":"https:\/\/ranpal.org\/index.php?rest_route=\/wp\/v2\/users\/2"}],"replies":[{"embeddable":true,"href":"https:\/\/ranpal.org\/index.php?rest_route=%2Fwp%2Fv2%2Fcomments&post=9645"}],"version-history":[{"count":7,"href":"https:\/\/ranpal.org\/index.php?rest_route=\/wp\/v2\/posts\/9645\/revisions"}],"predecessor-version":[{"id":9653,"href":"https:\/\/ranpal.org\/index.php?rest_route=\/wp\/v2\/posts\/9645\/revisions\/9653"}],"wp:attachment":[{"href":"https:\/\/ranpal.org\/index.php?rest_route=%2Fwp%2Fv2%2Fmedia&parent=9645"}],"wp:term":[{"taxonomy":"category","embeddable":true,"href":"https:\/\/ranpal.org\/index.php?rest_route=%2Fwp%2Fv2%2Fcategories&post=9645"},{"taxonomy":"post_tag","embeddable":true,"href":"https:\/\/ranpal.org\/index.php?rest_route=%2Fwp%2Fv2%2Ftags&post=9645"}],"curies":[{"name":"wp","href":"https:\/\/api.w.org\/{rel}","templated":true}]}}