{"id":9655,"date":"2025-08-18T22:57:18","date_gmt":"2025-08-18T22:57:18","guid":{"rendered":"https:\/\/ranpal.org\/?p=9655"},"modified":"2025-08-18T23:21:16","modified_gmt":"2025-08-18T23:21:16","slug":"entre-una-solucion-politica-y-mas-balin","status":"publish","type":"post","link":"https:\/\/ranpal.org\/?p=9655","title":{"rendered":"ENTRE UNA SOLUCI\u00d3N POL\u00cdTICA Y M\u00c1S \u2018BAL\u00cdN\u2019"},"content":{"rendered":"<p>           <a href='https:\/\/postimg.cc\/d7Ljqr1v' target='_blank'><img src='https:\/\/i.postimg.cc\/TPc7Jcvy\/EDITORIAL1013-01.jpg' border='0' alt='EDITORIAL1013-01'\/><\/a><\/p>\n<p><strong>E<\/strong>ditorial de la Revista Semanal <strong>Insurrecci\u00f3n n\u00famero 1013 escrito por el Comando Central(COCE) del Ej\u00e9rcito de Liberaci\u00f3n Nacional(ELN)<\/strong> y publicado este lunes 18 de agosto del 2025 en el portal www.eln.voces.net-<\/p>\n<p><strong>\u00abEn el fondo, el debate reside en decidir si los de arriba prosiguen en la aplicaci\u00f3n de su ideolog\u00eda genocida o si, como pa\u00eds le abrimos campo a una soluci\u00f3n pol\u00edtica del conflicto.<\/strong> \u00bfAdivinen qu\u00e9 piensa Trump al respecto? Sin importar lo que piense el capo de la plutocracia que domina en Estados Unidos, en Colombia debemos decidirnos por desarrollar una soluci\u00f3n pol\u00edtica del conflicto, para ella, pueden contar con el Ej\u00e9rcito de Liberaci\u00f3n Nacional (ELN)\u00bb.<\/p>\n<p><a href=\"https:\/\/radio.eln-voces.net\/public\/ranpal\/podcast\/1f07c89a-8d63-63be-815a-41bfe3bc8079\/episode\/1f07c89e-8652-6f08-b593-e9e1496312a1\" target=\"_blank\">ESCUCHAR Y COMPARTIR AUDIO DESDE AZURACAST<\/a><\/p>\n<p><strong>Ranpal \u00abcomunicaci\u00f3n para la  emancipaci\u00f3n\u00bb<\/strong>.<br \/>\nBogot\u00e1 lunes 18 de agosto 2025.<br \/>\n<strong>\u00a1Palestina Libre!<\/strong><\/p>\n<p><iframe src=\"https:\/\/www.ivoox.com\/player_ej_155780708_6_1.html?c1=ed333b\" width=\"100%\" height=\"200\" frameborder=\"0\" allowfullscreen=\"\" scrolling=\"no\" loading=\"lazy\"><\/iframe><\/p>\n","protected":false},"excerpt":{"rendered":"<p>Editorial de la Revista Semanal Insurrecci\u00f3n n\u00famero 1013 escrito por el Comando Central(COCE) del Ej\u00e9rcito<\/p>\n","protected":false},"author":2,"featured_media":0,"comment_status":"open","ping_status":"open","sticky":false,"template":"","format":"standard","meta":{"h5ap_radio_sources":[],"footnotes":""},"categories":[15],"tags":[18,30,655,670],"class_list":["post-9655","post","type-post","status-publish","format-standard","hentry","category-editorial","tag-coce","tag-editorial","tag-eln-61-anos","tag-garzon"],"_links":{"self":[{"href":"https:\/\/ranpal.org\/index.php?rest_route=\/wp\/v2\/posts\/9655","targetHints":{"allow":["GET"]}}],"collection":[{"href":"https:\/\/ranpal.org\/index.php?rest_route=\/wp\/v2\/posts"}],"about":[{"href":"https:\/\/ranpal.org\/index.php?rest_route=\/wp\/v2\/types\/post"}],"author":[{"embeddable":true,"href":"https:\/\/ranpal.org\/index.php?rest_route=\/wp\/v2\/users\/2"}],"replies":[{"embeddable":true,"href":"https:\/\/ranpal.org\/index.php?rest_route=%2Fwp%2Fv2%2Fcomments&post=9655"}],"version-history":[{"count":4,"href":"https:\/\/ranpal.org\/index.php?rest_route=\/wp\/v2\/posts\/9655\/revisions"}],"predecessor-version":[{"id":9660,"href":"https:\/\/ranpal.org\/index.php?rest_route=\/wp\/v2\/posts\/9655\/revisions\/9660"}],"wp:attachment":[{"href":"https:\/\/ranpal.org\/index.php?rest_route=%2Fwp%2Fv2%2Fmedia&parent=9655"}],"wp:term":[{"taxonomy":"category","embeddable":true,"href":"https:\/\/ranpal.org\/index.php?rest_route=%2Fwp%2Fv2%2Fcategories&post=9655"},{"taxonomy":"post_tag","embeddable":true,"href":"https:\/\/ranpal.org\/index.php?rest_route=%2Fwp%2Fv2%2Ftags&post=9655"}],"curies":[{"name":"wp","href":"https:\/\/api.w.org\/{rel}","templated":true}]}}