{"id":9661,"date":"2025-08-19T13:37:29","date_gmt":"2025-08-19T13:37:29","guid":{"rendered":"https:\/\/ranpal.org\/?p=9661"},"modified":"2025-08-19T13:53:47","modified_gmt":"2025-08-19T13:53:47","slug":"narcoguerra-del-imperialismo-que-petro-blinda-noticiero-nacional","status":"publish","type":"post","link":"https:\/\/ranpal.org\/?p=9661","title":{"rendered":"NARCOGUERRA DEL IMPERIALISMO QUE PETRO BLINDA. NOTICIERO NACIONAL"},"content":{"rendered":"<p>                                 <a href='https:\/\/postimages.org\/' target='_blank'><img src='https:\/\/i.postimg.cc\/ZKMTwwqB\/66-NOTICIERO-NACIONAL.jpg' border='0' alt='66-NOTICIERO-NACIONAL'\/><\/a><\/p>\n<p><strong>L<\/strong>es dejamos a su alcance la <strong>emisi\u00f3n n\u00famero 66 del Noticiero Nacional Impacto Colombiano, una producci\u00f3n del Sistema Informativo Patria Libre del Ej\u00e9rcito de Liberaci\u00f3n NAcional(ELN).<\/strong> Escuche aqu\u00ed el Editorial semanal del Comando Central, la columna del Comandante Antonio Garc\u00eda, informe de regiones, mirada econ\u00f3mica y nota internacional.<\/p>\n<p><a href=\"https:\/\/radio.eln-voces.net\/public\/ranpal\/podcast\/1f07d023-671a-6afa-8c2d-7b2445be04c9\/episode\/1f07d034-83b4-6a1a-bbad-813b665bb429\" target=\"_blank\">ESCUCHE Y COMPARTA AUDIO DESDE AZURACAST<\/a><br \/>\n<strong> <\/p>\n<p>Ranpal \u00abVoz y sentir del pueblo colombiano\u00bb.<\/strong><br \/>\nBogot\u00e1 martes 19 agosto 2025.<br \/>\n<strong>\u00a1Palestina Libre!<\/strong><\/p>\n<p><iframe src=\"https:\/\/www.ivoox.com\/player_ej_155821196_6_1.html?c1=ed333b\" width=\"100%\" height=\"200\" frameborder=\"0\" allowfullscreen=\"\" scrolling=\"no\" loading=\"lazy\"><\/iframe><\/p>\n","protected":false},"excerpt":{"rendered":"<p>Les dejamos a su alcance la emisi\u00f3n n\u00famero 66 del Noticiero Nacional Impacto Colombiano, una<\/p>\n","protected":false},"author":2,"featured_media":0,"comment_status":"open","ping_status":"open","sticky":false,"template":"","format":"standard","meta":{"h5ap_radio_sources":[],"footnotes":""},"categories":[557],"tags":[18,133,655,320,589],"class_list":["post-9661","post","type-post","status-publish","format-standard","hentry","category-noticiero-impacto-colombiano","tag-coce","tag-colombia","tag-eln-61-anos","tag-noticias","tag-regiones"],"_links":{"self":[{"href":"https:\/\/ranpal.org\/index.php?rest_route=\/wp\/v2\/posts\/9661","targetHints":{"allow":["GET"]}}],"collection":[{"href":"https:\/\/ranpal.org\/index.php?rest_route=\/wp\/v2\/posts"}],"about":[{"href":"https:\/\/ranpal.org\/index.php?rest_route=\/wp\/v2\/types\/post"}],"author":[{"embeddable":true,"href":"https:\/\/ranpal.org\/index.php?rest_route=\/wp\/v2\/users\/2"}],"replies":[{"embeddable":true,"href":"https:\/\/ranpal.org\/index.php?rest_route=%2Fwp%2Fv2%2Fcomments&post=9661"}],"version-history":[{"count":4,"href":"https:\/\/ranpal.org\/index.php?rest_route=\/wp\/v2\/posts\/9661\/revisions"}],"predecessor-version":[{"id":9664,"href":"https:\/\/ranpal.org\/index.php?rest_route=\/wp\/v2\/posts\/9661\/revisions\/9664"}],"wp:attachment":[{"href":"https:\/\/ranpal.org\/index.php?rest_route=%2Fwp%2Fv2%2Fmedia&parent=9661"}],"wp:term":[{"taxonomy":"category","embeddable":true,"href":"https:\/\/ranpal.org\/index.php?rest_route=%2Fwp%2Fv2%2Fcategories&post=9661"},{"taxonomy":"post_tag","embeddable":true,"href":"https:\/\/ranpal.org\/index.php?rest_route=%2Fwp%2Fv2%2Ftags&post=9661"}],"curies":[{"name":"wp","href":"https:\/\/api.w.org\/{rel}","templated":true}]}}