{"id":9667,"date":"2025-08-22T14:03:34","date_gmt":"2025-08-22T14:03:34","guid":{"rendered":"https:\/\/ranpal.org\/?p=9667"},"modified":"2025-08-22T14:38:27","modified_gmt":"2025-08-22T14:38:27","slug":"la-mujer-en-la-guerrilla-del-eln-noticiero-nacional","status":"publish","type":"post","link":"https:\/\/ranpal.org\/?p=9667","title":{"rendered":"LA MUJER EN LA GUERRILLA DEL ELN. NOTICIERO NACIONAL"},"content":{"rendered":"<p><a href='https:\/\/postimg.cc\/v1V5Wz5m' target='_blank'><img src='https:\/\/i.postimg.cc\/s2nKCHX5\/W-67-NOTICIERO-NACIONAL-IMPACTO.jpg' border='0' alt='W-67-NOTICIERO-NACIONAL-IMPACTO'\/><\/a><\/p>\n<p><strong>C<\/strong>ompartimos con nuestros oyentes la emisi\u00f3n n\u00famero 67 del Noticiero Nacional Impacto Colombiano, producido por el Sistema <strong>Informativo Nacional Patria Libre del Ej\u00e9rcito de Liberaci\u00f3n Nacional(ELN). Escuche aqu\u00ed la s\u00edntesis noticiosa semanal, nota sobre la campa\u00f1a \u00abCamilo vive 60 a\u00f1os<\/strong> junto a Manuel\u00bb, lo que dicen algunas bodegas virtuales hoy en el pa\u00eds, informe de regiones y la nota internacional. \u00a1No se lo pierda!<\/p>\n<p><a href=\"https:\/\/radio.eln-voces.net\/public\/ranpal\/podcast\/1f07f620-d016-6022-9865-59ed18b37c1b\/episode\/1f07f632-e653-6652-a383-8786f6d0714f\" target=\"_blank\">ESCUCHE Y COMPARTA AUDIO DESDE AZURACAST<\/a><\/p>\n<p><strong>Ranpal \u00abVoz y sentir del pueblo colombiano\u00bb.<\/strong><br \/>\nBogot\u00e1 viernes 22 agosto 2025<br \/>\n<strong>!Palestina Libre!<\/strong><\/p>\n<p><iframe src=\"https:\/\/www.ivoox.com\/player_ej_156052355_6_1.html?c1=e01b24\" width=\"100%\" height=\"200\" frameborder=\"0\" allowfullscreen=\"\" scrolling=\"no\" loading=\"lazy\"><\/iframe><\/p>\n","protected":false},"excerpt":{"rendered":"<p>Compartimos con nuestros oyentes la emisi\u00f3n n\u00famero 67 del Noticiero Nacional Impacto Colombiano, producido por<\/p>\n","protected":false},"author":2,"featured_media":0,"comment_status":"open","ping_status":"open","sticky":false,"template":"","format":"standard","meta":{"h5ap_radio_sources":[],"footnotes":""},"categories":[557],"tags":[133,671,655,206,320],"class_list":["post-9667","post","type-post","status-publish","format-standard","hentry","category-noticiero-impacto-colombiano","tag-colombia","tag-derechos","tag-eln-61-anos","tag-mujeres","tag-noticias"],"_links":{"self":[{"href":"https:\/\/ranpal.org\/index.php?rest_route=\/wp\/v2\/posts\/9667","targetHints":{"allow":["GET"]}}],"collection":[{"href":"https:\/\/ranpal.org\/index.php?rest_route=\/wp\/v2\/posts"}],"about":[{"href":"https:\/\/ranpal.org\/index.php?rest_route=\/wp\/v2\/types\/post"}],"author":[{"embeddable":true,"href":"https:\/\/ranpal.org\/index.php?rest_route=\/wp\/v2\/users\/2"}],"replies":[{"embeddable":true,"href":"https:\/\/ranpal.org\/index.php?rest_route=%2Fwp%2Fv2%2Fcomments&post=9667"}],"version-history":[{"count":5,"href":"https:\/\/ranpal.org\/index.php?rest_route=\/wp\/v2\/posts\/9667\/revisions"}],"predecessor-version":[{"id":9670,"href":"https:\/\/ranpal.org\/index.php?rest_route=\/wp\/v2\/posts\/9667\/revisions\/9670"}],"wp:attachment":[{"href":"https:\/\/ranpal.org\/index.php?rest_route=%2Fwp%2Fv2%2Fmedia&parent=9667"}],"wp:term":[{"taxonomy":"category","embeddable":true,"href":"https:\/\/ranpal.org\/index.php?rest_route=%2Fwp%2Fv2%2Fcategories&post=9667"},{"taxonomy":"post_tag","embeddable":true,"href":"https:\/\/ranpal.org\/index.php?rest_route=%2Fwp%2Fv2%2Ftags&post=9667"}],"curies":[{"name":"wp","href":"https:\/\/api.w.org\/{rel}","templated":true}]}}