{"id":9676,"date":"2025-08-22T19:16:16","date_gmt":"2025-08-22T19:16:16","guid":{"rendered":"https:\/\/ranpal.org\/?p=9676"},"modified":"2025-08-22T20:44:13","modified_gmt":"2025-08-22T20:44:13","slug":"magazin-libertario-en-la-voz-de-la-libertad-95-5-fm","status":"publish","type":"post","link":"https:\/\/ranpal.org\/?p=9676","title":{"rendered":"MAGAZ\u00cdN LIBERTARIO EN LA VOZ DE LA LIBERTAD 95.5 FM"},"content":{"rendered":"<p><a href='https:\/\/postimg.cc\/FYC4LfZx' target='_blank'><img src='https:\/\/i.postimg.cc\/7LwYj0Jj\/RMAGAZ-N-DOMINICAL.jpg' border='0' alt='RMAGAZ-N-DOMINICAL'\/><\/a><\/p>\n<p><strong>R<\/strong>eflexiones y comentarios sobre la situaci\u00f3n social, pol\u00edtica, econ\u00f3mica y militar de la regi\u00f3n del oriente Colombiano desde una perspectiva popular e insurgente. <strong>C\u00f3mo se sigue aplicando el Plan Contrainsurgente por parte del Pent\u00e1gono y sus aliados, incluyendo al r\u00e9gimen mafioso y olig\u00e1rquico y los narcoparacos de diferentes nombres.<\/strong> Igualmente escuche c\u00f3mo el pueblo con su fuerza guerrillera enfrenta y combate. Tambi\u00e9n la especial capacidad de resistencia de las comunidades y sectores \u00e9tnicos y sociales en todo el oriente colombiano. Voz de la libertad 95. fm emisora del Frente de Guerra Oriental Comandante en Jefe Mnauel V\u00e1squez Casta\u00f1o-<\/p>\n<p><strong>Ranpal \u00abVoz insurgente del pueblo colombiano\u00bb.<\/strong><br \/>\nBoogt\u00e1 viernes 22 agosto del 2025.<br \/>\n<strong>\u00a1Palestina Libre!.<\/strong><\/p>\n<p><iframe src=\"https:\/\/www.ivoox.com\/player_ej_156067668_6_1.html?c1=e01b24\" width=\"100%\" height=\"200\" frameborder=\"0\" allowfullscreen=\"\" scrolling=\"no\" loading=\"lazy\"><\/iframe><\/p>\n","protected":false},"excerpt":{"rendered":"<p>Reflexiones y comentarios sobre la situaci\u00f3n social, pol\u00edtica, econ\u00f3mica y militar de la regi\u00f3n del<\/p>\n","protected":false},"author":2,"featured_media":0,"comment_status":"open","ping_status":"open","sticky":false,"template":"","format":"standard","meta":{"h5ap_radio_sources":[],"footnotes":""},"categories":[454],"tags":[673,391,43,672],"class_list":["post-9676","post","type-post","status-publish","format-standard","hentry","category-voz-de-la-libertad","tag-95-5-fm","tag-fgo","tag-opinion","tag-voz-de-libertad"],"_links":{"self":[{"href":"https:\/\/ranpal.org\/index.php?rest_route=\/wp\/v2\/posts\/9676","targetHints":{"allow":["GET"]}}],"collection":[{"href":"https:\/\/ranpal.org\/index.php?rest_route=\/wp\/v2\/posts"}],"about":[{"href":"https:\/\/ranpal.org\/index.php?rest_route=\/wp\/v2\/types\/post"}],"author":[{"embeddable":true,"href":"https:\/\/ranpal.org\/index.php?rest_route=\/wp\/v2\/users\/2"}],"replies":[{"embeddable":true,"href":"https:\/\/ranpal.org\/index.php?rest_route=%2Fwp%2Fv2%2Fcomments&post=9676"}],"version-history":[{"count":4,"href":"https:\/\/ranpal.org\/index.php?rest_route=\/wp\/v2\/posts\/9676\/revisions"}],"predecessor-version":[{"id":9681,"href":"https:\/\/ranpal.org\/index.php?rest_route=\/wp\/v2\/posts\/9676\/revisions\/9681"}],"wp:attachment":[{"href":"https:\/\/ranpal.org\/index.php?rest_route=%2Fwp%2Fv2%2Fmedia&parent=9676"}],"wp:term":[{"taxonomy":"category","embeddable":true,"href":"https:\/\/ranpal.org\/index.php?rest_route=%2Fwp%2Fv2%2Fcategories&post=9676"},{"taxonomy":"post_tag","embeddable":true,"href":"https:\/\/ranpal.org\/index.php?rest_route=%2Fwp%2Fv2%2Ftags&post=9676"}],"curies":[{"name":"wp","href":"https:\/\/api.w.org\/{rel}","templated":true}]}}