{"id":9682,"date":"2025-08-26T13:36:10","date_gmt":"2025-08-26T13:36:10","guid":{"rendered":"https:\/\/ranpal.org\/?p=9682"},"modified":"2025-08-26T14:03:47","modified_gmt":"2025-08-26T14:03:47","slug":"lo-que-el-capital-roba-en-nuestra-america-noticiero-nacional","status":"publish","type":"post","link":"https:\/\/ranpal.org\/?p=9682","title":{"rendered":"LO QUE EL CAPITAL ROBA EN NUESTRA AM\u00c9RICA  NOTICIERO NACIONAL"},"content":{"rendered":"<p>                   <a href='https:\/\/postimg.cc\/V5fmprCg' target='_blank'><img src='https:\/\/i.postimg.cc\/9XT04yX6\/LO-QUE-EL-CAPITAL-ROBA-EN-NUESTRA-AM-RICA.jpg' border='0' alt='LO-QUE-EL-CAPITAL-ROBA-EN-NUESTRA-AM-RICA'\/><\/a><\/p>\n<p><strong>L<\/strong>es dejamos a su alcance la emisi\u00f3n<strong> n\u00famero 68 del Noticiero Nacional Impacto Colombiano, una producci\u00f3n del Sistema Informativo Patria Libre del Ej\u00e9rcito de Liberaci\u00f3n Nacional(ELN).<\/strong> Escuche aqu\u00ed la editorial semanal de la Revista Insurrecci\u00f3n, contexto nacional, informe de regiones y nota internacional. \u00a1No se lo pierda!<\/p>\n<p><a href=\"https:\/\/radio.eln-voces.net\/public\/ranpal\/podcast\/1f082839-cb80-647c-a229-692ea8c7fa3b\/episode\/1f082853-8a95-6bf0-a229-6b725e735ad5\" target=\"_blank\">ESCUCHAR Y COMPARTIR AUDIO DESDE AZURACAST<\/a><\/p>\n<p><strong><br \/>\nRanpal \u00abComunicaci\u00f3n para la emancipaci\u00f3n\u00bb.<\/strong><br \/>\nBogot\u00e1 martes 26 de agosto 2025.<br \/>\n<strong>\u00a1Palestina!<\/strong><\/p>\n<p><iframe src=\"https:\/\/www.ivoox.com\/player_ej_156322293_6_1.html?c1=e01b24\" width=\"100%\" height=\"200\" frameborder=\"0\" allowfullscreen=\"\" scrolling=\"no\" loading=\"lazy\"><\/iframe><\/p>\n","protected":false},"excerpt":{"rendered":"<p>Les dejamos a su alcance la emisi\u00f3n n\u00famero 68 del Noticiero Nacional Impacto Colombiano, una<\/p>\n","protected":false},"author":2,"featured_media":0,"comment_status":"open","ping_status":"open","sticky":false,"template":"","format":"standard","meta":{"h5ap_radio_sources":[],"footnotes":""},"categories":[557],"tags":[5,674,558,43,589],"class_list":["post-9682","post","type-post","status-publish","format-standard","hentry","category-noticiero-impacto-colombiano","tag-eln","tag-imapcto-colombiano","tag-noticiero","tag-opinion","tag-regiones"],"_links":{"self":[{"href":"https:\/\/ranpal.org\/index.php?rest_route=\/wp\/v2\/posts\/9682","targetHints":{"allow":["GET"]}}],"collection":[{"href":"https:\/\/ranpal.org\/index.php?rest_route=\/wp\/v2\/posts"}],"about":[{"href":"https:\/\/ranpal.org\/index.php?rest_route=\/wp\/v2\/types\/post"}],"author":[{"embeddable":true,"href":"https:\/\/ranpal.org\/index.php?rest_route=\/wp\/v2\/users\/2"}],"replies":[{"embeddable":true,"href":"https:\/\/ranpal.org\/index.php?rest_route=%2Fwp%2Fv2%2Fcomments&post=9682"}],"version-history":[{"count":3,"href":"https:\/\/ranpal.org\/index.php?rest_route=\/wp\/v2\/posts\/9682\/revisions"}],"predecessor-version":[{"id":9686,"href":"https:\/\/ranpal.org\/index.php?rest_route=\/wp\/v2\/posts\/9682\/revisions\/9686"}],"wp:attachment":[{"href":"https:\/\/ranpal.org\/index.php?rest_route=%2Fwp%2Fv2%2Fmedia&parent=9682"}],"wp:term":[{"taxonomy":"category","embeddable":true,"href":"https:\/\/ranpal.org\/index.php?rest_route=%2Fwp%2Fv2%2Fcategories&post=9682"},{"taxonomy":"post_tag","embeddable":true,"href":"https:\/\/ranpal.org\/index.php?rest_route=%2Fwp%2Fv2%2Ftags&post=9682"}],"curies":[{"name":"wp","href":"https:\/\/api.w.org\/{rel}","templated":true}]}}