{"id":9702,"date":"2025-08-29T15:05:43","date_gmt":"2025-08-29T15:05:43","guid":{"rendered":"https:\/\/ranpal.org\/?p=9702"},"modified":"2025-08-29T15:18:34","modified_gmt":"2025-08-29T15:18:34","slug":"gaza-soy-yo-eres-tu-somos-todos-noticiero-nacional","status":"publish","type":"post","link":"https:\/\/ranpal.org\/?p=9702","title":{"rendered":"GAZA SOY YO, ERES T\u00da, SOMOS TODOS. NOTICIERO NACIONAL"},"content":{"rendered":"<p>                               <a href='https:\/\/postimg.cc\/0rtkSM7Z' target='_blank'><img src='https:\/\/i.postimg.cc\/VLwd3Xvy\/R-NOTICIERO-NAL-IMPACTO.jpg' border='0' alt='R-NOTICIERO-NAL-IMPACTO'\/><\/a\n\n<strong>L<\/strong>es dejamos la <strong>emisi\u00f3n n\u00famero 69 del Noticiero Nacional Impacto Colombiano, una producci\u00f3n del Ej\u00e9rcito de Liberaci\u00f3n Nacional. Aqu\u00ed escuche la actualidad regional, nacional e internacional desde una mirada insurgente y popular. <\/strong>Tambi\u00e9n lo puede escuchar a trav\u00e9s de nuestros cuentas y canales en las redes digitales. \u00a1No se lo pierda!.<\/p>\n<p><a href=\"https:\/\/radio.eln-voces.net\/public\/ranpal\/podcast\/1f084ea2-3f73-62e2-b3fd-b52013b300ac\/episode\/1f084eae-85b6-6ea0-bdf5-3d4b296163df\" target=\"_blank\">ESCUCHE Y COMPARTE EL AUDIO DESDE AZURACAST<\/a><\/p>\n<p><strong>Ranpal \u00abComunicaci\u00f3n para la emancipaci\u00f3n\u00bb.<\/strong><br \/>\nBogot\u00e1 viernes 29 agosto 2025.<br \/>\n<strong>\u00a1Palestina Libre!<\/strong><\/p>\n<p><iframe src=\"https:\/\/www.ivoox.com\/player_ej_156527800_6_1.html?c1=ed333b\" width=\"100%\" height=\"200\" frameborder=\"0\" allowfullscreen=\"\" scrolling=\"no\" loading=\"lazy\"><\/iframe><\/p>\n","protected":false},"excerpt":{"rendered":"","protected":false},"author":2,"featured_media":0,"comment_status":"open","ping_status":"open","sticky":false,"template":"","format":"standard","meta":{"h5ap_radio_sources":[],"footnotes":""},"categories":[557],"tags":[133,655,601,32,558],"class_list":["post-9702","post","type-post","status-publish","format-standard","hentry","category-noticiero-impacto-colombiano","tag-colombia","tag-eln-61-anos","tag-gaza","tag-imperialismo","tag-noticiero"],"_links":{"self":[{"href":"https:\/\/ranpal.org\/index.php?rest_route=\/wp\/v2\/posts\/9702","targetHints":{"allow":["GET"]}}],"collection":[{"href":"https:\/\/ranpal.org\/index.php?rest_route=\/wp\/v2\/posts"}],"about":[{"href":"https:\/\/ranpal.org\/index.php?rest_route=\/wp\/v2\/types\/post"}],"author":[{"embeddable":true,"href":"https:\/\/ranpal.org\/index.php?rest_route=\/wp\/v2\/users\/2"}],"replies":[{"embeddable":true,"href":"https:\/\/ranpal.org\/index.php?rest_route=%2Fwp%2Fv2%2Fcomments&post=9702"}],"version-history":[{"count":2,"href":"https:\/\/ranpal.org\/index.php?rest_route=\/wp\/v2\/posts\/9702\/revisions"}],"predecessor-version":[{"id":9705,"href":"https:\/\/ranpal.org\/index.php?rest_route=\/wp\/v2\/posts\/9702\/revisions\/9705"}],"wp:attachment":[{"href":"https:\/\/ranpal.org\/index.php?rest_route=%2Fwp%2Fv2%2Fmedia&parent=9702"}],"wp:term":[{"taxonomy":"category","embeddable":true,"href":"https:\/\/ranpal.org\/index.php?rest_route=%2Fwp%2Fv2%2Fcategories&post=9702"},{"taxonomy":"post_tag","embeddable":true,"href":"https:\/\/ranpal.org\/index.php?rest_route=%2Fwp%2Fv2%2Ftags&post=9702"}],"curies":[{"name":"wp","href":"https:\/\/api.w.org\/{rel}","templated":true}]}}