{"id":9724,"date":"2025-09-05T14:38:44","date_gmt":"2025-09-05T14:38:44","guid":{"rendered":"https:\/\/ranpal.org\/?p=9724"},"modified":"2025-09-05T15:09:52","modified_gmt":"2025-09-05T15:09:52","slug":"lo-que-la-mediatica-burguesa-no-transmite-noticiero-nacional","status":"publish","type":"post","link":"https:\/\/ranpal.org\/?p=9724","title":{"rendered":"LO QUE LA MEDI\u00c1TICA BURGUESA NO TRANSMITE. NOTICIERO NACIONAL"},"content":{"rendered":"<p>                                                       <a href='https:\/\/postimg.cc\/ZBcxD77X' target='_blank'><img src='https:\/\/i.postimg.cc\/T18N1Br2\/W71-NOTICIERO-NACIONAL-IMPACTO-COLOMBIANO.jpg' border='0' alt='W71-NOTICIERO-NACIONAL-IMPACTO-COLOMBIANO'\/><\/a><\/p>\n<p><strong>N<\/strong>ueva <strong>emisi\u00f3n del Noticiero Nacional Impacto colombiano, una producci\u00f3n del Sistema informativo Patria Libre del Ej\u00e9rcito de Liberaci\u00f3n Nacional. Escuche la s\u00edntesis semanal de noticias con visi\u00f3n alternativa y cr\u00edtica,<\/strong> la nota sobre la \u00abCampa\u00f1a Camilo 60 a\u00f1os junto a Manuel\u00bb, las protestas y resistencias de las que la prensa burguesa no informa; adem\u00e1s reporte internacional.<\/p>\n<p><a href=\"https:\/\/radio.eln-voces.net\/public\/ranpal\/podcast\/1f08a671-f325-6f70-ab7c-e5c57ce70f5b\/episode\/1f08a694-2abb-686e-9b4b-f3decf7dbd62\" target=\"_blank\">ESCUCHAR Y DESCARGAR AUDIO DESDE AZURACAST<\/a><\/p>\n<p><strong>Ranpal \u00abComunicaci\u00f3n para la emancipaci\u00f3n\u00bb.<\/strong><br \/>\nBogot\u00e1 viernes 5 septiembre 2025.<br \/>\n<strong>\u00a1Palestina Libre!<\/strong><\/p>\n<p><iframe src=\"https:\/\/www.ivoox.com\/player_ej_157013841_6_1.html?c1=e01b24\" width=\"100%\" height=\"200\" frameborder=\"0\" allowfullscreen=\"\" scrolling=\"no\" loading=\"lazy\"><\/iframe><\/p>\n","protected":false},"excerpt":{"rendered":"<p>Nueva emisi\u00f3n del Noticiero Nacional Impacto colombiano, una producci\u00f3n del Sistema informativo Patria Libre del<\/p>\n","protected":false},"author":2,"featured_media":0,"comment_status":"open","ping_status":"open","sticky":false,"template":"","format":"standard","meta":{"h5ap_radio_sources":[],"footnotes":""},"categories":[557],"tags":[133,655,601,593,602],"class_list":["post-9724","post","type-post","status-publish","format-standard","hentry","category-noticiero-impacto-colombiano","tag-colombia","tag-eln-61-anos","tag-gaza","tag-noticiero-nacional","tag-resistencia"],"_links":{"self":[{"href":"https:\/\/ranpal.org\/index.php?rest_route=\/wp\/v2\/posts\/9724","targetHints":{"allow":["GET"]}}],"collection":[{"href":"https:\/\/ranpal.org\/index.php?rest_route=\/wp\/v2\/posts"}],"about":[{"href":"https:\/\/ranpal.org\/index.php?rest_route=\/wp\/v2\/types\/post"}],"author":[{"embeddable":true,"href":"https:\/\/ranpal.org\/index.php?rest_route=\/wp\/v2\/users\/2"}],"replies":[{"embeddable":true,"href":"https:\/\/ranpal.org\/index.php?rest_route=%2Fwp%2Fv2%2Fcomments&post=9724"}],"version-history":[{"count":3,"href":"https:\/\/ranpal.org\/index.php?rest_route=\/wp\/v2\/posts\/9724\/revisions"}],"predecessor-version":[{"id":9727,"href":"https:\/\/ranpal.org\/index.php?rest_route=\/wp\/v2\/posts\/9724\/revisions\/9727"}],"wp:attachment":[{"href":"https:\/\/ranpal.org\/index.php?rest_route=%2Fwp%2Fv2%2Fmedia&parent=9724"}],"wp:term":[{"taxonomy":"category","embeddable":true,"href":"https:\/\/ranpal.org\/index.php?rest_route=%2Fwp%2Fv2%2Fcategories&post=9724"},{"taxonomy":"post_tag","embeddable":true,"href":"https:\/\/ranpal.org\/index.php?rest_route=%2Fwp%2Fv2%2Ftags&post=9724"}],"curies":[{"name":"wp","href":"https:\/\/api.w.org\/{rel}","templated":true}]}}