{"id":9735,"date":"2025-09-09T14:39:21","date_gmt":"2025-09-09T14:39:21","guid":{"rendered":"https:\/\/ranpal.org\/?p=9735"},"modified":"2025-09-09T15:58:16","modified_gmt":"2025-09-09T15:58:16","slug":"para-que-colombia-cambie-cambiemos-todos-cmte-pablo-beltran-noticiero-nacional","status":"publish","type":"post","link":"https:\/\/ranpal.org\/?p=9735","title":{"rendered":"PARA QUE COLOMBIA CAMBIE, CAMBIEMOS TODOS: CMTE PABLO BELTR\u00c1N. NOTICIERO NACIONAL"},"content":{"rendered":"<p>                 <a href=\"https:\/\/freeimage.host\/i\/KxtFujt\"><img decoding=\"async\" src=\"https:\/\/iili.io\/KxtFujt.md.jpg\" alt=\"KxtFujt.md.jpg\" border=\"0\"><\/a><\/p>\n<p><strong>N<\/strong>uevo episodio de su Noticiero Nacional Impacto Colombiano, una producci\u00f3n del Sistema Nacional Patria Libre del<strong> Ej\u00e9rcito de Liberaci\u00f3n Nacional(ELN).<\/strong> Escuche aqu\u00ed desde un enfoque cr\u00edtico e  insurgente qu\u00e9 pasa en la regiones del pa\u00eds, el editorial de la Revista semanal Insurrecci\u00f3n, la columna del Cmte Antonio Garcia y <strong>de manera exclusiva la entrevista del Cmte Pablo Beltr\u00e1n a medios de comunicaci\u00f3n virtual y an\u00e1logos de la organizaci\u00f3n.<\/strong><\/p>\n<p><a href=\"https:\/\/radio.eln-voces.net\/public\/ranpal\/podcast\/1f08d893-d312-66e4-b1f0-1d554605d8f5\/episode\/1f08d8a8-b471-6220-b04b-fb5d9b29ba7d\" target=\"_blank\">ESCUCHAR Y COMPARTIR AUDIO DESDE AZURACAST<\/a><\/p>\n<p><strong>Ranpal \u00abVoz y sentir del pueblo colombiano\u00bb.<\/strong><br \/>\nBogot\u00e1 martes 09 de septiembre 2025<br \/>\n<strong>\u00a1Palestina Libre!<\/strong><\/p>\n<p><iframe src=\"https:\/\/www.ivoox.com\/player_ej_157493033_6_1.html?c1=e01b24\" width=\"100%\" height=\"200\" frameborder=\"0\" allowfullscreen=\"\" scrolling=\"no\" loading=\"lazy\"><\/iframe><\/p>\n","protected":false},"excerpt":{"rendered":"<p>Nuevo episodio de su Noticiero Nacional Impacto Colombiano, una producci\u00f3n del Sistema Nacional Patria Libre<\/p>\n","protected":false},"author":2,"featured_media":0,"comment_status":"open","ping_status":"open","sticky":false,"template":"","format":"standard","meta":{"h5ap_radio_sources":[],"footnotes":""},"categories":[557,21],"tags":[],"class_list":["post-9735","post","type-post","status-publish","format-standard","hentry","category-noticiero-impacto-colombiano","category-ranpal-org"],"_links":{"self":[{"href":"https:\/\/ranpal.org\/index.php?rest_route=\/wp\/v2\/posts\/9735","targetHints":{"allow":["GET"]}}],"collection":[{"href":"https:\/\/ranpal.org\/index.php?rest_route=\/wp\/v2\/posts"}],"about":[{"href":"https:\/\/ranpal.org\/index.php?rest_route=\/wp\/v2\/types\/post"}],"author":[{"embeddable":true,"href":"https:\/\/ranpal.org\/index.php?rest_route=\/wp\/v2\/users\/2"}],"replies":[{"embeddable":true,"href":"https:\/\/ranpal.org\/index.php?rest_route=%2Fwp%2Fv2%2Fcomments&post=9735"}],"version-history":[{"count":4,"href":"https:\/\/ranpal.org\/index.php?rest_route=\/wp\/v2\/posts\/9735\/revisions"}],"predecessor-version":[{"id":9739,"href":"https:\/\/ranpal.org\/index.php?rest_route=\/wp\/v2\/posts\/9735\/revisions\/9739"}],"wp:attachment":[{"href":"https:\/\/ranpal.org\/index.php?rest_route=%2Fwp%2Fv2%2Fmedia&parent=9735"}],"wp:term":[{"taxonomy":"category","embeddable":true,"href":"https:\/\/ranpal.org\/index.php?rest_route=%2Fwp%2Fv2%2Fcategories&post=9735"},{"taxonomy":"post_tag","embeddable":true,"href":"https:\/\/ranpal.org\/index.php?rest_route=%2Fwp%2Fv2%2Ftags&post=9735"}],"curies":[{"name":"wp","href":"https:\/\/api.w.org\/{rel}","templated":true}]}}