{"id":9744,"date":"2025-09-10T19:22:31","date_gmt":"2025-09-10T19:22:31","guid":{"rendered":"https:\/\/ranpal.org\/?p=9744"},"modified":"2025-09-10T19:34:32","modified_gmt":"2025-09-10T19:34:32","slug":"el-primer-round","status":"publish","type":"post","link":"https:\/\/ranpal.org\/?p=9744","title":{"rendered":"EL PRIMER ROUND"},"content":{"rendered":"<p>                  <a href='https:\/\/postimg.cc\/7C8wqLnR' target='_blank'><img src='https:\/\/i.postimg.cc\/YSj9fGGt\/WCOLUMNA-Antonio1016.jpg' border='0' alt='WCOLUMNA-Antonio1016'\/><\/a><\/p>\n<p>\u00ab<strong>M<\/strong>uy probablemente la justicia del <strong>R\u00e9gimen colombiano har\u00e1 caso omiso de la responsabilidad de Uribe, en la barbarie cometida contra el pueblo colombiano, pero las victimas no olvidan, la memoria perdura. Este es el primer round de una pelea que no ha terminado, tampoco es el ring que deber\u00eda ser,<\/strong> ya llegar\u00e1 el adecuado donde al final la verdad se impondr\u00e1, pues ya asom\u00f3 la cabeza\u00bb.<\/p>\n<p>Columna del Comandante Antonio Garcia en su Canal de Telegram, publicada este lunes 8 de septiembre y tambi\u00e9n la puede leer y compartir desde la Revista Semanal Insurrecci\u00f3n N\u00famero 1016 que la encuentra en el portal <a href=\"http:\/\/www.eln-voces.net\" target=\"_blank\">www.eln-voces.net<\/a><\/p>\n<p><a href=\"https:\/\/radio.eln-voces.net\/public\/ranpal\/podcast\/1f08e7cb-a9e0-62d4-ba63-619e2465b659\/episode\/1f08e7ce-9faa-6988-91a3-7f3e99ae52a2\" target=\"_blank\">ESCUCHE Y COMPARTA AUDIO DESDE AZURACAST<\/a><\/p>\n<p><strong>Ranpal \u00abComunicaci\u00f3n para la liberaci\u00f3n\u00bb.<\/strong><br \/>\nBoogt\u00e1 mi\u00e9rcoles 10 septiembre 2025.<br \/>\n<strong>\u00a1Palestina Libre!<\/strong><\/p>\n<p><iframe src=\"https:\/\/www.ivoox.com\/player_ej_157587047_6_1.html?c1=ed333b\" width=\"100%\" height=\"200\" frameborder=\"0\" allowfullscreen=\"\" scrolling=\"no\" loading=\"lazy\"><\/iframe><\/p>\n","protected":false},"excerpt":{"rendered":"<p>\u00abMuy probablemente la justicia del R\u00e9gimen colombiano har\u00e1 caso omiso de la responsabilidad de Uribe,<\/p>\n","protected":false},"author":2,"featured_media":0,"comment_status":"open","ping_status":"open","sticky":false,"template":"","format":"standard","meta":{"h5ap_radio_sources":[],"footnotes":""},"categories":[449],"tags":[],"class_list":["post-9744","post","type-post","status-publish","format-standard","hentry","category-https-eln-voces-net-2025-07-28-gentrificacion-otra-cara-del-despojo-noticiero-impacto-colombiano"],"_links":{"self":[{"href":"https:\/\/ranpal.org\/index.php?rest_route=\/wp\/v2\/posts\/9744","targetHints":{"allow":["GET"]}}],"collection":[{"href":"https:\/\/ranpal.org\/index.php?rest_route=\/wp\/v2\/posts"}],"about":[{"href":"https:\/\/ranpal.org\/index.php?rest_route=\/wp\/v2\/types\/post"}],"author":[{"embeddable":true,"href":"https:\/\/ranpal.org\/index.php?rest_route=\/wp\/v2\/users\/2"}],"replies":[{"embeddable":true,"href":"https:\/\/ranpal.org\/index.php?rest_route=%2Fwp%2Fv2%2Fcomments&post=9744"}],"version-history":[{"count":2,"href":"https:\/\/ranpal.org\/index.php?rest_route=\/wp\/v2\/posts\/9744\/revisions"}],"predecessor-version":[{"id":9747,"href":"https:\/\/ranpal.org\/index.php?rest_route=\/wp\/v2\/posts\/9744\/revisions\/9747"}],"wp:attachment":[{"href":"https:\/\/ranpal.org\/index.php?rest_route=%2Fwp%2Fv2%2Fmedia&parent=9744"}],"wp:term":[{"taxonomy":"category","embeddable":true,"href":"https:\/\/ranpal.org\/index.php?rest_route=%2Fwp%2Fv2%2Fcategories&post=9744"},{"taxonomy":"post_tag","embeddable":true,"href":"https:\/\/ranpal.org\/index.php?rest_route=%2Fwp%2Fv2%2Ftags&post=9744"}],"curies":[{"name":"wp","href":"https:\/\/api.w.org\/{rel}","templated":true}]}}