{"id":9749,"date":"2025-09-12T13:53:14","date_gmt":"2025-09-12T13:53:14","guid":{"rendered":"https:\/\/ranpal.org\/?p=9749"},"modified":"2025-09-12T15:42:01","modified_gmt":"2025-09-12T15:42:01","slug":"colombia-al-mundial-y-los-cambios-estructurales-al-olvido-noticiero-nacional","status":"publish","type":"post","link":"https:\/\/ranpal.org\/?p=9749","title":{"rendered":"COLOMBIA AL MUNDIAL Y LOS CAMBIOS ESTRUCTURALES AL OLVIDO. NOTICIERO NACIONAL"},"content":{"rendered":"<p>                          <a href='https:\/\/postimg.cc\/0KrXGf8x' target='_blank'><img src='https:\/\/i.postimg.cc\/MHYkSPNc\/73-NOTICIERO-NACIONAL-IMPACTO-COL.jpg' border='0' alt='73-NOTICIERO-NACIONAL-IMPACTO-COL'\/><\/a><\/p>\n<p><strong>D<\/strong>ejamos a su disfrute y compromiso de reproducir, distribuir y comentar, la emisi\u00f3n n\u00famero 73 del Noticiero Nacional Impacto Colombiano, una producci\u00f3n del Sistema Informativo Patria Libre del Ej\u00e9rcito de Liberaci\u00f3n Nacional(ELN). <strong>Escuche la s\u00edntesis noticiosa de la semana en donde se evidencia que si bien la \u00e9lite olig\u00e1rquica gana con la clasificaci\u00f3nn de la selecci\u00f3n de f\u00fatbol al mundial, los cambios estructurales que el pueblo anhela no llegan. Adem\u00e1s una mirada a los efectos y usos de las IAS,<\/strong> el informe de regiones con sus denuncias sobre el terrorismo de Estado con sus narcoparacos, nota internacional, incluyendo la memoria hist\u00f3rica sobre el asesinato de Salvador Allende.<\/p>\n<p><a href=\"https:\/\/radio.eln-voces.net\/public\/ranpal\/podcast\/1f08fe0a-cdaa-649e-ac57-ab5be347b9e2\/episode\/1f08fe1d-c43d-6664-ad49-35f86a69561c\" target=\"_blank\">ESCUCHE Y COMPARTA AUDIO DESDE AZURACAST<\/a><\/p>\n<p><strong>Ranpal \u00abVoz insurgente del pueblo colombian\u00bb.<\/strong><br \/>\nBogat\u00e1 viernes 12 de septiembre 2025.<br \/>\n<strong>\u00a1Palestina Libre!<\/strong><\/p>\n<p><iframe src=\"https:\/\/www.ivoox.com\/player_ej_157717140_6_1.html?c1=e01b24\" width=\"100%\" height=\"200\" frameborder=\"0\" allowfullscreen=\"\" scrolling=\"no\" loading=\"lazy\"><\/iframe><\/p>\n","protected":false},"excerpt":{"rendered":"<p>Dejamos a su disfrute y compromiso de reproducir, distribuir y comentar, la emisi\u00f3n n\u00famero 73<\/p>\n","protected":false},"author":2,"featured_media":0,"comment_status":"open","ping_status":"open","sticky":false,"template":"","format":"standard","meta":{"h5ap_radio_sources":[],"footnotes":""},"categories":[557],"tags":[392,133,5,117,559,320,558,138,589],"class_list":["post-9749","post","type-post","status-publish","format-standard","hentry","category-noticiero-impacto-colombiano","tag-cambios","tag-colombia","tag-eln","tag-gobierno","tag-impacto-colombiano","tag-noticias","tag-noticiero","tag-paz","tag-regiones"],"_links":{"self":[{"href":"https:\/\/ranpal.org\/index.php?rest_route=\/wp\/v2\/posts\/9749","targetHints":{"allow":["GET"]}}],"collection":[{"href":"https:\/\/ranpal.org\/index.php?rest_route=\/wp\/v2\/posts"}],"about":[{"href":"https:\/\/ranpal.org\/index.php?rest_route=\/wp\/v2\/types\/post"}],"author":[{"embeddable":true,"href":"https:\/\/ranpal.org\/index.php?rest_route=\/wp\/v2\/users\/2"}],"replies":[{"embeddable":true,"href":"https:\/\/ranpal.org\/index.php?rest_route=%2Fwp%2Fv2%2Fcomments&post=9749"}],"version-history":[{"count":6,"href":"https:\/\/ranpal.org\/index.php?rest_route=\/wp\/v2\/posts\/9749\/revisions"}],"predecessor-version":[{"id":9755,"href":"https:\/\/ranpal.org\/index.php?rest_route=\/wp\/v2\/posts\/9749\/revisions\/9755"}],"wp:attachment":[{"href":"https:\/\/ranpal.org\/index.php?rest_route=%2Fwp%2Fv2%2Fmedia&parent=9749"}],"wp:term":[{"taxonomy":"category","embeddable":true,"href":"https:\/\/ranpal.org\/index.php?rest_route=%2Fwp%2Fv2%2Fcategories&post=9749"},{"taxonomy":"post_tag","embeddable":true,"href":"https:\/\/ranpal.org\/index.php?rest_route=%2Fwp%2Fv2%2Ftags&post=9749"}],"curies":[{"name":"wp","href":"https:\/\/api.w.org\/{rel}","templated":true}]}}