{"id":9757,"date":"2025-09-16T14:05:26","date_gmt":"2025-09-16T14:05:26","guid":{"rendered":"https:\/\/ranpal.org\/?p=9757"},"modified":"2025-09-16T14:22:36","modified_gmt":"2025-09-16T14:22:36","slug":"ee-uu-descertifica-a-petro-y-este-certifica-al-clan","status":"publish","type":"post","link":"https:\/\/ranpal.org\/?p=9757","title":{"rendered":"EE.UU DESCERTIFICA A PETRO Y ESTE CERTIFICA AL CLAN"},"content":{"rendered":"<p>                        <a href='https:\/\/postimg.cc\/xqFxvsRN' target='_blank'><img src='https:\/\/i.postimg.cc\/sD3kRqGm\/w74-NOTICIERO-NACIONAL-IMPACTO-COL.jpg' border='0' alt='w74-NOTICIERO-NACIONAL-IMPACTO-COL'\/><\/a><\/p>\n<p><strong>C<\/strong>ompartimos con nuestra audiencia un nuevo episodio del N<strong>oticiero Nacional Impacto Colombiano en su emisi\u00f3n n\u00famero 74. Escuche aqu\u00ed el editorial semanal de Comando Central(COCE) del ELN, la columna del Comandante Antonio Garc\u00eda,<\/strong> el informe de regiones, reflexi\u00f3n marxistas sobre econom\u00eda, nota internacional y mucha m\u00e1s. \u00a1No se lo pierda!.<\/p>\n<p><a href=\"https:\/\/radio.eln-voces.net\/public\/ranpal\/podcast\/1f093075-27d1-6f66-8e57-d7b5faecf95f\/episode\/1f093081-e82f-69be-8e57-09c4baa54602\" target=\"_blank\">ESCUCHE Y COMPARTA AUDIO DESDE AZURACAST<\/a><\/p>\n<p><strong>Ranpal \u00abVoz y sentir del pueblo colombiano\u00bb.<\/strong><br \/>\nBogot\u00e1 martes 16 de septiembre 2025.<br \/>\n<strong>\u00a1Palestina Libre!<\/strong><\/p>\n<p><iframe src=\"https:\/\/www.ivoox.com\/player_ej_158060823_6_1.html?c1=e01b24\" width=\"100%\" height=\"200\" frameborder=\"0\" allowfullscreen=\"\" scrolling=\"no\" loading=\"lazy\"><\/iframe><\/p>\n","protected":false},"excerpt":{"rendered":"<p>Compartimos con nuestra audiencia un nuevo episodio del Noticiero Nacional Impacto Colombiano en su emisi\u00f3n<\/p>\n","protected":false},"author":2,"featured_media":0,"comment_status":"open","ping_status":"open","sticky":false,"template":"","format":"standard","meta":{"h5ap_radio_sources":[],"footnotes":""},"categories":[557],"tags":[133,681,647,655,320],"class_list":["post-9757","post","type-post","status-publish","format-standard","hentry","category-noticiero-impacto-colombiano","tag-colombia","tag-descertificacion","tag-eeuu","tag-eln-61-anos","tag-noticias"],"_links":{"self":[{"href":"https:\/\/ranpal.org\/index.php?rest_route=\/wp\/v2\/posts\/9757","targetHints":{"allow":["GET"]}}],"collection":[{"href":"https:\/\/ranpal.org\/index.php?rest_route=\/wp\/v2\/posts"}],"about":[{"href":"https:\/\/ranpal.org\/index.php?rest_route=\/wp\/v2\/types\/post"}],"author":[{"embeddable":true,"href":"https:\/\/ranpal.org\/index.php?rest_route=\/wp\/v2\/users\/2"}],"replies":[{"embeddable":true,"href":"https:\/\/ranpal.org\/index.php?rest_route=%2Fwp%2Fv2%2Fcomments&post=9757"}],"version-history":[{"count":5,"href":"https:\/\/ranpal.org\/index.php?rest_route=\/wp\/v2\/posts\/9757\/revisions"}],"predecessor-version":[{"id":9763,"href":"https:\/\/ranpal.org\/index.php?rest_route=\/wp\/v2\/posts\/9757\/revisions\/9763"}],"wp:attachment":[{"href":"https:\/\/ranpal.org\/index.php?rest_route=%2Fwp%2Fv2%2Fmedia&parent=9757"}],"wp:term":[{"taxonomy":"category","embeddable":true,"href":"https:\/\/ranpal.org\/index.php?rest_route=%2Fwp%2Fv2%2Fcategories&post=9757"},{"taxonomy":"post_tag","embeddable":true,"href":"https:\/\/ranpal.org\/index.php?rest_route=%2Fwp%2Fv2%2Ftags&post=9757"}],"curies":[{"name":"wp","href":"https:\/\/api.w.org\/{rel}","templated":true}]}}