{"id":9769,"date":"2025-09-16T16:50:11","date_gmt":"2025-09-16T16:50:11","guid":{"rendered":"https:\/\/ranpal.org\/?p=9769"},"modified":"2025-09-16T17:02:48","modified_gmt":"2025-09-16T17:02:48","slug":"petro-recorre-los-pasos-de-uribe-y-va-mas-alla","status":"publish","type":"post","link":"https:\/\/ranpal.org\/?p=9769","title":{"rendered":"PETRO RECORRE LOS PASOS DE URIBE Y VA M\u00c1S ALL\u00c1"},"content":{"rendered":"<p>                                 <a href='https:\/\/postimages.org\/' target='_blank'><img src='https:\/\/i.postimg.cc\/8cC3s17N\/WEDITORIAL1017-01.jpg' border='0' alt='WEDITORIAL1017-01'\/><\/a><\/p>\n<p><strong>E<\/strong>ditorial de la <strong>Revista semanal Insurrecci\u00f3n n\u00famero 1017, escrito por el Comando Central(COCE) del Ej\u00e9rcito de Liberaci\u00f3n Nacional(ELN)<\/strong> y publicado este lunes 15 de septiembre en el portal www.eln-voces.net<\/p>\n<p><strong>\u00abEl llamado es al pueblo, para denunciar la fracasada estrategia de pacificaci\u00f3n, permaneciendo firme en la b\u00fasqueda de la paz con justicia social, moviliz\u00e1ndose por una soluci\u00f3n pol\u00edtica del conflicto,<\/strong> luchando contra el \u201ctodo vale\u201d como medio para conseguir objetivos nacionales, a la vez que se garantizan los derechos de las v\u00edctimas\u00bb.<\/p>\n<p><a href=\"https:\/\/radio.eln-voces.net\/public\/ranpal\/podcast\/1f0931e0-13f5-66a2-898b-6d1dc9172cae\/episode\/1f0931e6-2365-6096-898b-f7194bb760ed\" target=\"_blank\">ESCUCHAR Y COMPARTIR AUDIO DESDE AZURACAST<\/a><\/p>\n<p><strong>Ranpal \u00abVoz y sentir del pueblo colombiano\u00bb.<\/strong><br \/>\nBogot\u00e1 martes 16 de septiembre 2025.<br \/>\n<strong>\u00a1Palestina Libre!<\/strong><\/p>\n<p><iframe src=\"https:\/\/www.ivoox.com\/player_ej_158074079_6_1.html?c1=e01b24\" width=\"100%\" height=\"200\" frameborder=\"0\" allowfullscreen=\"\" scrolling=\"no\" loading=\"lazy\"><\/iframe><\/p>\n","protected":false},"excerpt":{"rendered":"<p>Editorial de la Revista semanal Insurrecci\u00f3n n\u00famero 1017, escrito por el Comando Central(COCE) del Ej\u00e9rcito<\/p>\n","protected":false},"author":2,"featured_media":0,"comment_status":"open","ping_status":"open","sticky":false,"template":"","format":"standard","meta":{"h5ap_radio_sources":[],"footnotes":""},"categories":[15],"tags":[],"class_list":["post-9769","post","type-post","status-publish","format-standard","hentry","category-editorial"],"_links":{"self":[{"href":"https:\/\/ranpal.org\/index.php?rest_route=\/wp\/v2\/posts\/9769","targetHints":{"allow":["GET"]}}],"collection":[{"href":"https:\/\/ranpal.org\/index.php?rest_route=\/wp\/v2\/posts"}],"about":[{"href":"https:\/\/ranpal.org\/index.php?rest_route=\/wp\/v2\/types\/post"}],"author":[{"embeddable":true,"href":"https:\/\/ranpal.org\/index.php?rest_route=\/wp\/v2\/users\/2"}],"replies":[{"embeddable":true,"href":"https:\/\/ranpal.org\/index.php?rest_route=%2Fwp%2Fv2%2Fcomments&post=9769"}],"version-history":[{"count":3,"href":"https:\/\/ranpal.org\/index.php?rest_route=\/wp\/v2\/posts\/9769\/revisions"}],"predecessor-version":[{"id":9772,"href":"https:\/\/ranpal.org\/index.php?rest_route=\/wp\/v2\/posts\/9769\/revisions\/9772"}],"wp:attachment":[{"href":"https:\/\/ranpal.org\/index.php?rest_route=%2Fwp%2Fv2%2Fmedia&parent=9769"}],"wp:term":[{"taxonomy":"category","embeddable":true,"href":"https:\/\/ranpal.org\/index.php?rest_route=%2Fwp%2Fv2%2Fcategories&post=9769"},{"taxonomy":"post_tag","embeddable":true,"href":"https:\/\/ranpal.org\/index.php?rest_route=%2Fwp%2Fv2%2Ftags&post=9769"}],"curies":[{"name":"wp","href":"https:\/\/api.w.org\/{rel}","templated":true}]}}