{"id":9775,"date":"2025-09-19T13:47:13","date_gmt":"2025-09-19T13:47:13","guid":{"rendered":"https:\/\/ranpal.org\/?p=9775"},"modified":"2025-09-19T14:15:51","modified_gmt":"2025-09-19T14:15:51","slug":"quienes-matan-la-vida-y-sus-defensores-en-colombia","status":"publish","type":"post","link":"https:\/\/ranpal.org\/?p=9775","title":{"rendered":"\u00bfQUI\u00c9NES MATAN LA VIDA Y SUS DEFENSORES EN COLOMBIA?"},"content":{"rendered":"<p>                                    <a href='https:\/\/postimg.cc\/tYD06rBs' target='_blank'><img src='https:\/\/i.postimg.cc\/6pxBDgRf\/w75-NOTICIERO-NACIONAL-IMPACT.jpg' border='0' alt='w75-NOTICIERO-NACIONAL-IMPACT'\/><\/a><\/p>\n<p><strong>L<\/strong>es compartimos un nuevo episodio de su <strong>Noticiero Nacional Impacto Colombiano, \u00abvoces elenas desde las raices populares\u00bb,<\/strong> una producci\u00f3n del Sistema Informativo Patria Libre del Ej\u00e9rcito de Liberaci\u00f3n Nacional(ELN). Escuche aqu\u00ed en la s\u00edntesis noticiosa de la semana <strong>\u00bfqui\u00e9nes matan la vida y sus defensores en Colombia?, con una mirada literaria \u00bfc\u00f3mo han cosechado ganancias y privilegios la \u00e9lite olig\u00e1rquica?, <\/strong>seguimos en \u00abCampa\u00f1a Camilo 60 a\u00f1os junto a Manuel\u00bb, informe de regiones y la nota internacional. \u00a1No se lo pierda!.<\/p>\n<p><a href=\"https:\/\/radio.eln-voces.net\/public\/ranpal\/podcast\/1f0955fd-deba-6b76-bf18-6379e08857fc\/episode\/1f095602-3bf8-641a-b498-49ae0635ba6d\" target=\"_blank\">ESCUCHAR Y COMPARTIR AUDIO DESDE AZURACATS<\/a><br \/>\n<strong><br \/>\nRanpal \u00abVoz y sentir del pueblo colombiano\u00bb.<\/strong><br \/>\nBogot\u00e1 viernes 19 septiembre 2025.<br \/>\n<strong>\u00a1Palestina Libre!<\/strong><\/p>\n<p><iframe src=\"https:\/\/www.ivoox.com\/player_ej_158507102_6_1.html?c1=e42904\" width=\"100%\" height=\"200\" frameborder=\"0\" allowfullscreen=\"\" scrolling=\"no\" loading=\"lazy\"><\/iframe><\/p>\n","protected":false},"excerpt":{"rendered":"<p>Les compartimos un nuevo episodio de su Noticiero Nacional Impacto Colombiano, \u00abvoces elenas desde las<\/p>\n","protected":false},"author":2,"featured_media":0,"comment_status":"open","ping_status":"open","sticky":false,"template":"","format":"standard","meta":{"h5ap_radio_sources":[],"footnotes":""},"categories":[557],"tags":[],"class_list":["post-9775","post","type-post","status-publish","format-standard","hentry","category-noticiero-impacto-colombiano"],"_links":{"self":[{"href":"https:\/\/ranpal.org\/index.php?rest_route=\/wp\/v2\/posts\/9775","targetHints":{"allow":["GET"]}}],"collection":[{"href":"https:\/\/ranpal.org\/index.php?rest_route=\/wp\/v2\/posts"}],"about":[{"href":"https:\/\/ranpal.org\/index.php?rest_route=\/wp\/v2\/types\/post"}],"author":[{"embeddable":true,"href":"https:\/\/ranpal.org\/index.php?rest_route=\/wp\/v2\/users\/2"}],"replies":[{"embeddable":true,"href":"https:\/\/ranpal.org\/index.php?rest_route=%2Fwp%2Fv2%2Fcomments&post=9775"}],"version-history":[{"count":5,"href":"https:\/\/ranpal.org\/index.php?rest_route=\/wp\/v2\/posts\/9775\/revisions"}],"predecessor-version":[{"id":9780,"href":"https:\/\/ranpal.org\/index.php?rest_route=\/wp\/v2\/posts\/9775\/revisions\/9780"}],"wp:attachment":[{"href":"https:\/\/ranpal.org\/index.php?rest_route=%2Fwp%2Fv2%2Fmedia&parent=9775"}],"wp:term":[{"taxonomy":"category","embeddable":true,"href":"https:\/\/ranpal.org\/index.php?rest_route=%2Fwp%2Fv2%2Fcategories&post=9775"},{"taxonomy":"post_tag","embeddable":true,"href":"https:\/\/ranpal.org\/index.php?rest_route=%2Fwp%2Fv2%2Ftags&post=9775"}],"curies":[{"name":"wp","href":"https:\/\/api.w.org\/{rel}","templated":true}]}}