{"id":9782,"date":"2025-09-19T17:33:31","date_gmt":"2025-09-19T17:33:31","guid":{"rendered":"https:\/\/ranpal.org\/?p=9782"},"modified":"2025-09-19T17:40:21","modified_gmt":"2025-09-19T17:40:21","slug":"petro-y-su-paz-incoherente","status":"publish","type":"post","link":"https:\/\/ranpal.org\/?p=9782","title":{"rendered":"PETRO Y SU PAZ INCOHERENTE"},"content":{"rendered":"<p>                       <a href='https:\/\/postimages.org\/' target='_blank'><img src='https:\/\/i.postimg.cc\/mDF2Lv4g\/COLUMNA1017.jpg' border='0' alt='COLUMNA1017'\/><\/a><\/p>\n<p><strong>C<\/strong>olumna del Comandante Antonio Garcia, primer responsable pol\u00edtico del Ej\u00e9rcito de Liberaci\u00f3n Nacional para su Canal de Telegram, tambi\u00e9n la puede encontrar en la Revista semanal Insurrecci\u00f3n n\u00famero 1017.<\/p>\n<p><strong>\u00abNo deja de ser una gran contradicci\u00f3n en la pol\u00edtica de paz, que en lugar de atender el clamor masivo de las regiones para desmantelar el paramilitarismo, as\u00ed como a las denuncias de connivencia entre estos actores y la Fuerza P\u00fablica que los apoya y les facilita su actuaci\u00f3n criminal;<\/strong> la respuesta del gobierno sea otorgarles beneficios y reconocimientos, sin abrir ni siquiera una discusi\u00f3n sobre la situaci\u00f3n del paramilitarismo hoy, sus intereses y los grupos pol\u00edticos y econ\u00f3micos a quienes realmente representa el Clan del Golfo\u00bb.<\/p>\n<p><strong>Ranpal \u00abComunicaci\u00f3n para la emancipaci\u00f3n\u00bb.<\/strong><br \/>\nBogot\u00e1 viernes 19 de septiembre 2025<br \/>\n<strong>\u00a1Palestina Libre!<\/strong><\/p>\n<p><iframe src=\"https:\/\/www.ivoox.com\/player_ej_158556564_6_1.html?c1=ed333b\" width=\"100%\" height=\"200\" frameborder=\"0\" allowfullscreen=\"\" scrolling=\"no\" loading=\"lazy\"><\/iframe><\/p>\n","protected":false},"excerpt":{"rendered":"<p>Columna del Comandante Antonio Garcia, primer responsable pol\u00edtico del Ej\u00e9rcito de Liberaci\u00f3n Nacional para su<\/p>\n","protected":false},"author":2,"featured_media":0,"comment_status":"open","ping_status":"open","sticky":false,"template":"","format":"standard","meta":{"h5ap_radio_sources":[],"footnotes":""},"categories":[449],"tags":[210,505,655,475],"class_list":["post-9782","post","type-post","status-publish","format-standard","hentry","category-https-eln-voces-net-2025-07-28-gentrificacion-otra-cara-del-despojo-noticiero-impacto-colombiano","tag-cmte-antonio-garcia","tag-columna","tag-eln-61-anos","tag-telegram"],"_links":{"self":[{"href":"https:\/\/ranpal.org\/index.php?rest_route=\/wp\/v2\/posts\/9782","targetHints":{"allow":["GET"]}}],"collection":[{"href":"https:\/\/ranpal.org\/index.php?rest_route=\/wp\/v2\/posts"}],"about":[{"href":"https:\/\/ranpal.org\/index.php?rest_route=\/wp\/v2\/types\/post"}],"author":[{"embeddable":true,"href":"https:\/\/ranpal.org\/index.php?rest_route=\/wp\/v2\/users\/2"}],"replies":[{"embeddable":true,"href":"https:\/\/ranpal.org\/index.php?rest_route=%2Fwp%2Fv2%2Fcomments&post=9782"}],"version-history":[{"count":3,"href":"https:\/\/ranpal.org\/index.php?rest_route=\/wp\/v2\/posts\/9782\/revisions"}],"predecessor-version":[{"id":9786,"href":"https:\/\/ranpal.org\/index.php?rest_route=\/wp\/v2\/posts\/9782\/revisions\/9786"}],"wp:attachment":[{"href":"https:\/\/ranpal.org\/index.php?rest_route=%2Fwp%2Fv2%2Fmedia&parent=9782"}],"wp:term":[{"taxonomy":"category","embeddable":true,"href":"https:\/\/ranpal.org\/index.php?rest_route=%2Fwp%2Fv2%2Fcategories&post=9782"},{"taxonomy":"post_tag","embeddable":true,"href":"https:\/\/ranpal.org\/index.php?rest_route=%2Fwp%2Fv2%2Ftags&post=9782"}],"curies":[{"name":"wp","href":"https:\/\/api.w.org\/{rel}","templated":true}]}}