{"id":9810,"date":"2025-10-03T13:53:45","date_gmt":"2025-10-03T13:53:45","guid":{"rendered":"https:\/\/ranpal.org\/?p=9810"},"modified":"2025-10-03T14:30:21","modified_gmt":"2025-10-03T14:30:21","slug":"nins-de-gaza-no-son-la-amenaza","status":"publish","type":"post","link":"https:\/\/ranpal.org\/?p=9810","title":{"rendered":"\u00a1NI\u00d1@S DE GAZA NO SON LA AMENAZA!"},"content":{"rendered":"<p><a href='https:\/\/postimg.cc\/HcGRwPdb' target='_blank'><img src='https:\/\/i.postimg.cc\/4dnGTr02\/W79-NOTICIERO-NACIONAL-IMPACTO-COLOMBIANO.jpg' border='0' alt='W79-NOTICIERO-NACIONAL-IMPACTO-COLOMBIANO'\/><\/a><\/p>\n<p><strong>N<\/strong>uevo episodio de su Noticiero Nacional Impacto Colombiano, <strong>emisi\u00f3n n\u00famero 79. Una producci\u00f3n del Sistema Informativo Patria Libre del Ej\u00e9rcito de Liberaci\u00f3n Nacional. <\/strong>Escuche aqu\u00ed una breve s\u00edntesis de los hechos noticiosos en la semana, nota sobre la \u00abcampa\u00f1a Camilo Vive 60 a\u00f1os, Junto a Manuel\u00bb, las movilizaciones en Bogot\u00e1, Colombia y el mundo en solidaridad con Gaza, informe de regiones y el reporte internacional.<\/p>\n<p><strong>Ranpal \u00abComunicaci\u00f3n para la emancipaci\u00f3n popular\u00bb.<\/strong><br \/>\nBogot\u00e1 vi\u00e9rnes 03 octubre 2025<br \/>\n<strong>\u00a1Palestina  Libre!<\/strong><\/p>\n<p><iframe src=\"https:\/\/www.ivoox.com\/player_ej_160059375_6_1.html?c1=ed333b\" width=\"100%\" height=\"200\" frameborder=\"0\" allowfullscreen=\"\" scrolling=\"no\" loading=\"lazy\"><\/iframe><\/p>\n","protected":false},"excerpt":{"rendered":"<p>Nuevo episodio de su Noticiero Nacional Impacto Colombiano, emisi\u00f3n n\u00famero 79. Una producci\u00f3n del Sistema<\/p>\n","protected":false},"author":2,"featured_media":0,"comment_status":"open","ping_status":"open","sticky":false,"template":"","format":"standard","meta":{"h5ap_radio_sources":[],"footnotes":""},"categories":[557],"tags":[],"class_list":["post-9810","post","type-post","status-publish","format-standard","hentry","category-noticiero-impacto-colombiano"],"_links":{"self":[{"href":"https:\/\/ranpal.org\/index.php?rest_route=\/wp\/v2\/posts\/9810","targetHints":{"allow":["GET"]}}],"collection":[{"href":"https:\/\/ranpal.org\/index.php?rest_route=\/wp\/v2\/posts"}],"about":[{"href":"https:\/\/ranpal.org\/index.php?rest_route=\/wp\/v2\/types\/post"}],"author":[{"embeddable":true,"href":"https:\/\/ranpal.org\/index.php?rest_route=\/wp\/v2\/users\/2"}],"replies":[{"embeddable":true,"href":"https:\/\/ranpal.org\/index.php?rest_route=%2Fwp%2Fv2%2Fcomments&post=9810"}],"version-history":[{"count":3,"href":"https:\/\/ranpal.org\/index.php?rest_route=\/wp\/v2\/posts\/9810\/revisions"}],"predecessor-version":[{"id":9814,"href":"https:\/\/ranpal.org\/index.php?rest_route=\/wp\/v2\/posts\/9810\/revisions\/9814"}],"wp:attachment":[{"href":"https:\/\/ranpal.org\/index.php?rest_route=%2Fwp%2Fv2%2Fmedia&parent=9810"}],"wp:term":[{"taxonomy":"category","embeddable":true,"href":"https:\/\/ranpal.org\/index.php?rest_route=%2Fwp%2Fv2%2Fcategories&post=9810"},{"taxonomy":"post_tag","embeddable":true,"href":"https:\/\/ranpal.org\/index.php?rest_route=%2Fwp%2Fv2%2Ftags&post=9810"}],"curies":[{"name":"wp","href":"https:\/\/api.w.org\/{rel}","templated":true}]}}