{"id":9832,"date":"2025-10-21T12:30:26","date_gmt":"2025-10-21T12:30:26","guid":{"rendered":"https:\/\/ranpal.org\/?p=9832"},"modified":"2025-10-21T14:43:59","modified_gmt":"2025-10-21T14:43:59","slug":"el-capitalismo-sigue-esclavizando-a-los-pueblos-noticiero-nacional","status":"publish","type":"post","link":"https:\/\/ranpal.org\/?p=9832","title":{"rendered":"EL CAPITALISMO SIGUE ESCLAVIZANDO A LOS PUEBLOS. NOTICIERO NACIONAL"},"content":{"rendered":"<p><a href='https:\/\/postimg.cc\/zVrxJwgc' target='_blank'><img src='https:\/\/i.postimg.cc\/28qM728r\/w83-NOTICIERO-NACIONAL-IMPACTO-COL.jpg' border='0' alt='w83-NOTICIERO-NACIONAL-IMPACTO-COL'\/><\/a><\/p>\n<p><strong>D<\/strong>ejamos a su alcance el <strong>Noticiero Nacional Impacto Colombiano, emisi\u00f3n n\u00famero 83. Una producci\u00f3n del Sistema Informativo Patria Libre del Ej\u00e9rcito de Liberaci\u00f3n Nacional.<\/strong> Aqu\u00ed escuche la s\u00edntesis noticiosa semanal, reflexiones en torno a la \u00abCampa\u00f1a Camilo Vive 60 a\u00f1os junto a Manuel\u00bb, mirada al panorama econ\u00f3mico nacional, informe de regiones y la nota internacional.<\/p>\n<p><a href=\"https:\/\/radio.eln-voces.net\/public\/3\/podcast\/1f0ac40d-cf88-699e-a16a-c33d1c6514c8\" target=\"_blank\">ESCUCHAR Y COMPARTIR AUDIO DESDE AZURACAST<\/a><\/p>\n<p><strong>Ranpal \u00abVoz y sentir del pueblo colombiano\u00bb.<\/strong><br \/>\nBogot\u00e1 viernes 17 de octubre del 2025.<br \/>\n<strong>\u00a1Palestina Libre!<\/strong><\/p>\n<p><iframe src=\"https:\/\/www.ivoox.com\/player_ej_160872532_6_1.html?c1=e42904\" width=\"100%\" height=\"200\" frameborder=\"0\" allowfullscreen=\"\" scrolling=\"no\" loading=\"lazy\"><\/iframe><\/p>\n","protected":false},"excerpt":{"rendered":"<p>Dejamos a su alcance el Noticiero Nacional Impacto Colombiano, emisi\u00f3n n\u00famero 83. Una producci\u00f3n del<\/p>\n","protected":false},"author":2,"featured_media":0,"comment_status":"open","ping_status":"open","sticky":false,"template":"","format":"standard","meta":{"h5ap_radio_sources":[],"footnotes":""},"categories":[557],"tags":[324,133,5,685,320],"class_list":["post-9832","post","type-post","status-publish","format-standard","hentry","category-noticiero-impacto-colombiano","tag-capitalismo","tag-colombia","tag-eln","tag-esclavitud","tag-noticias"],"_links":{"self":[{"href":"https:\/\/ranpal.org\/index.php?rest_route=\/wp\/v2\/posts\/9832","targetHints":{"allow":["GET"]}}],"collection":[{"href":"https:\/\/ranpal.org\/index.php?rest_route=\/wp\/v2\/posts"}],"about":[{"href":"https:\/\/ranpal.org\/index.php?rest_route=\/wp\/v2\/types\/post"}],"author":[{"embeddable":true,"href":"https:\/\/ranpal.org\/index.php?rest_route=\/wp\/v2\/users\/2"}],"replies":[{"embeddable":true,"href":"https:\/\/ranpal.org\/index.php?rest_route=%2Fwp%2Fv2%2Fcomments&post=9832"}],"version-history":[{"count":3,"href":"https:\/\/ranpal.org\/index.php?rest_route=\/wp\/v2\/posts\/9832\/revisions"}],"predecessor-version":[{"id":9843,"href":"https:\/\/ranpal.org\/index.php?rest_route=\/wp\/v2\/posts\/9832\/revisions\/9843"}],"wp:attachment":[{"href":"https:\/\/ranpal.org\/index.php?rest_route=%2Fwp%2Fv2%2Fmedia&parent=9832"}],"wp:term":[{"taxonomy":"category","embeddable":true,"href":"https:\/\/ranpal.org\/index.php?rest_route=%2Fwp%2Fv2%2Fcategories&post=9832"},{"taxonomy":"post_tag","embeddable":true,"href":"https:\/\/ranpal.org\/index.php?rest_route=%2Fwp%2Fv2%2Ftags&post=9832"}],"curies":[{"name":"wp","href":"https:\/\/api.w.org\/{rel}","templated":true}]}}