{"id":9865,"date":"2025-10-28T12:46:52","date_gmt":"2025-10-28T12:46:52","guid":{"rendered":"https:\/\/ranpal.org\/?p=9865"},"modified":"2025-10-28T14:04:59","modified_gmt":"2025-10-28T14:04:59","slug":"impunidad-y-extrema-pobreza-la-violencia-estructural-colombiana-noticiero-nacional","status":"publish","type":"post","link":"https:\/\/ranpal.org\/?p=9865","title":{"rendered":"IMPUNIDAD Y EXTREMA POBREZA, LA VIOLENCIA ESTRUCTURAL COLOMBIANA. NOTICIERO NACIONAL"},"content":{"rendered":"<p>                          <a href='https:\/\/postimg.cc\/fkvZjNpd' target='_blank'><img src='https:\/\/i.postimg.cc\/44DdG41W\/W86-NOTICIERO-NACIONAL-IMPACTO-COL.jpg' border='0' alt='W86-NOTICIERO-NACIONAL-IMPACTO-COL'><\/a><\/p>\n<p><strong>L<\/strong>es dejamos a su alcance el episodio n\u00famero 86 de su Noticiero Nacional Impacto Colombiano, una producci\u00f3n del Sistema Informativo Nacional Patria Libre. <strong>Escuche aqu\u00ed el editorial de la Revista Semanal Insurrecci\u00f3n n\u00famero 1023, la columna del Comandante Antonio Garcia, especial sobre los 37 a\u00f1os de la Radio Insurgente guerrillera elena, reflexiones sobre la violencia estructural en Colombia, informe de regiones y nota internacional.<\/strong> \u00a1No se lo pierda!<\/p>\n<p><a href=\"https:\/\/radio.eln-voces.net\/public\/ranpal\/podcast\/1f0b4066-386c-6c42-87fb-015cc3295b55\/episode\/1f0b406d-ce8b-66cc-a08a-29721820d4a1\" target=\"_blank\">ESCUCHAR Y COMAPARTIR DESDE AZURACAST<\/a><\/p>\n<p><strong>Ranpal \u00abVoz y sentir del pueblo colombiano\u00bb.<\/strong><br \/>\nBogot\u00e1 martes 28 octubre 2025.<br \/>\n<strong>\u00a1Palestina Libre!<\/strong><\/p>\n<p><iframe src=\"https:\/\/www.ivoox.com\/player_ej_161420676_6_1.html?c1=e01b24\" width=\"100%\" height=\"200\" frameborder=\"0\" allowfullscreen=\"\" scrolling=\"no\" loading=\"lazy\"><\/iframe><\/p>\n","protected":false},"excerpt":{"rendered":"<p>Les dejamos a su alcance el episodio n\u00famero 86 de su Noticiero Nacional Impacto Colombiano,<\/p>\n","protected":false},"author":2,"featured_media":0,"comment_status":"open","ping_status":"open","sticky":false,"template":"","format":"standard","meta":{"h5ap_radio_sources":[],"footnotes":""},"categories":[557],"tags":[578,133,5,117,320,606],"class_list":["post-9865","post","type-post","status-publish","format-standard","hentry","category-noticiero-impacto-colombiano","tag-cmte-antonio-gracia","tag-colombia","tag-eln","tag-gobierno","tag-noticias","tag-pobreza"],"_links":{"self":[{"href":"https:\/\/ranpal.org\/index.php?rest_route=\/wp\/v2\/posts\/9865","targetHints":{"allow":["GET"]}}],"collection":[{"href":"https:\/\/ranpal.org\/index.php?rest_route=\/wp\/v2\/posts"}],"about":[{"href":"https:\/\/ranpal.org\/index.php?rest_route=\/wp\/v2\/types\/post"}],"author":[{"embeddable":true,"href":"https:\/\/ranpal.org\/index.php?rest_route=\/wp\/v2\/users\/2"}],"replies":[{"embeddable":true,"href":"https:\/\/ranpal.org\/index.php?rest_route=%2Fwp%2Fv2%2Fcomments&post=9865"}],"version-history":[{"count":4,"href":"https:\/\/ranpal.org\/index.php?rest_route=\/wp\/v2\/posts\/9865\/revisions"}],"predecessor-version":[{"id":9869,"href":"https:\/\/ranpal.org\/index.php?rest_route=\/wp\/v2\/posts\/9865\/revisions\/9869"}],"wp:attachment":[{"href":"https:\/\/ranpal.org\/index.php?rest_route=%2Fwp%2Fv2%2Fmedia&parent=9865"}],"wp:term":[{"taxonomy":"category","embeddable":true,"href":"https:\/\/ranpal.org\/index.php?rest_route=%2Fwp%2Fv2%2Fcategories&post=9865"},{"taxonomy":"post_tag","embeddable":true,"href":"https:\/\/ranpal.org\/index.php?rest_route=%2Fwp%2Fv2%2Ftags&post=9865"}],"curies":[{"name":"wp","href":"https:\/\/api.w.org\/{rel}","templated":true}]}}