{"id":9883,"date":"2025-10-29T19:43:11","date_gmt":"2025-10-29T19:43:11","guid":{"rendered":"https:\/\/ranpal.org\/?p=9883"},"modified":"2025-10-29T19:43:11","modified_gmt":"2025-10-29T19:43:11","slug":"si-es-culpable-para-que-lo-niegan","status":"publish","type":"post","link":"https:\/\/ranpal.org\/?p=9883","title":{"rendered":"SI ES CULPABLE, \u00bfPARA QU\u00c9 LO NIEGAN?"},"content":{"rendered":"<p>         <a href='https:\/\/postimg.cc\/cgbtvcTX' target='_blank'><img src='https:\/\/i.postimg.cc\/QCXQn47G\/EDITORIAL-1023.jpg' border='0' alt='EDITORIAL-1023'><\/a><br \/>\n<strong><br \/>\nE<\/strong>ditorial de la Revista Insurrecci\u00f3n n\u00famero 1023, escrito por el Comando Central(COCE) del Ej\u00e9rcito de Liberaci\u00f3n Nacional(ELN) y publicado el lunes 27 de octubre en el portal www.eln-voces.net.<\/p>\n<p>\u00ab<strong>El panorama es retador, puesto que, si la oligarqu\u00eda asegura que es inocente y no asume responsabilidad por lo que hace, al tiempo que organiza a sus seguidores, para junto a la maquinaria represiva estatal, <\/strong>aumentar la persecuci\u00f3n de los liderazgos populares, lo que anuncian en sus lemas electorales, como \u201cm\u00e1s seguridad\u201d, no es otra cosa que un escalamiento del conflicto interno. Otra vez las clases dominantes ofrecen a Colombia, una nueva temporada de su fracasada pacificaci\u00f3n, cuando lo que demandan el pueblo y la naci\u00f3n colombiana es un Acuerdo Nacional, que le abra el camino al desarrollo de una paz con justicia social, democracia y soberan\u00eda\u00bb.<\/p>\n<p><a href=\"https:\/\/radio.eln-voces.net\/public\/ranpal\/podcast\/1f0b4fe5-d605-67f4-9823-9f0b23e7a82f\/episode\/1f0b4fed-4356-646e-8994-4f56ccec81b1\" target=\"_blank\">ESCUCHAR Y COMARTIR AUDIO DESDE AZURACAST<\/a><\/p>\n<p><strong>Ranpal \u00abVoz y sentir del pueblo colombiano\u00bb.<\/strong><br \/>\nBogot\u00e1 mi\u00e9rcoles 29 octubre 2025.<br \/>\n<strong>\u00a1Palestina Libre!<\/strong><\/p>\n","protected":false},"excerpt":{"rendered":"<p>Editorial de la Revista Insurrecci\u00f3n n\u00famero 1023, escrito por el Comando Central(COCE) del Ej\u00e9rcito de<\/p>\n","protected":false},"author":2,"featured_media":0,"comment_status":"open","ping_status":"open","sticky":false,"template":"","format":"standard","meta":{"h5ap_radio_sources":[],"footnotes":""},"categories":[15],"tags":[18,30,5,320,233],"class_list":["post-9883","post","type-post","status-publish","format-standard","hentry","category-editorial","tag-coce","tag-editorial","tag-eln","tag-noticias","tag-revista-insurreccion"],"_links":{"self":[{"href":"https:\/\/ranpal.org\/index.php?rest_route=\/wp\/v2\/posts\/9883","targetHints":{"allow":["GET"]}}],"collection":[{"href":"https:\/\/ranpal.org\/index.php?rest_route=\/wp\/v2\/posts"}],"about":[{"href":"https:\/\/ranpal.org\/index.php?rest_route=\/wp\/v2\/types\/post"}],"author":[{"embeddable":true,"href":"https:\/\/ranpal.org\/index.php?rest_route=\/wp\/v2\/users\/2"}],"replies":[{"embeddable":true,"href":"https:\/\/ranpal.org\/index.php?rest_route=%2Fwp%2Fv2%2Fcomments&post=9883"}],"version-history":[{"count":1,"href":"https:\/\/ranpal.org\/index.php?rest_route=\/wp\/v2\/posts\/9883\/revisions"}],"predecessor-version":[{"id":9884,"href":"https:\/\/ranpal.org\/index.php?rest_route=\/wp\/v2\/posts\/9883\/revisions\/9884"}],"wp:attachment":[{"href":"https:\/\/ranpal.org\/index.php?rest_route=%2Fwp%2Fv2%2Fmedia&parent=9883"}],"wp:term":[{"taxonomy":"category","embeddable":true,"href":"https:\/\/ranpal.org\/index.php?rest_route=%2Fwp%2Fv2%2Fcategories&post=9883"},{"taxonomy":"post_tag","embeddable":true,"href":"https:\/\/ranpal.org\/index.php?rest_route=%2Fwp%2Fv2%2Ftags&post=9883"}],"curies":[{"name":"wp","href":"https:\/\/api.w.org\/{rel}","templated":true}]}}