{"id":9901,"date":"2025-11-07T15:00:45","date_gmt":"2025-11-07T15:00:45","guid":{"rendered":"https:\/\/ranpal.org\/?p=9901"},"modified":"2025-11-07T16:43:58","modified_gmt":"2025-11-07T16:43:58","slug":"pueblos-unidos-por-la-vida-noticiero-nacional","status":"publish","type":"post","link":"https:\/\/ranpal.org\/?p=9901","title":{"rendered":"PUEBLOS UNIDOS POR LA VIDA. NOTICIERO NACIONAL"},"content":{"rendered":"<p><a href='https:\/\/postimages.org\/' target='_blank'><img src='https:\/\/i.postimg.cc\/sDxHgY5T\/R89NOTICIERO-NACIONAL-IMPACTO-COL.jpg' border='0' alt='R89NOTICIERO-NACIONAL-IMPACTO-COL'><\/a><\/p>\n<p><strong>D<\/strong>isfrute de esta emisi\u00f3n n\u00famero 89 de su Noticiero Nacional Impacto Colombiano, una producci\u00f3n del <strong>Sistema Informativo Patria Libre del Ej\u00e9rcito de Liberaci\u00f3n Nacional y que puede escuchar y compartir desde la web Ranpal.org, as\u00ed como en las cuentas de las redes virtuales.<\/strong> Esta vez les compartimos la S\u00edntesis noticiosa semanal, la \u00faltima columna del Comandante Antonio Garcia, la Campa\u00f1a Camilo Vive 60 a\u00f1os, mirada sobre econom\u00eda, informes regionales y nota internacional.<\/p>\n<p><a href=\"https:\/\/radio.eln-voces.net\/public\/3\/podcast\/1f0bbd78-679d-6fcc-9cc2-b5f4c1d74371\" target=\"_blank\">ESCUCHAR Y COMPARTIR AUDIO DESDE AZURACAST<\/a><\/p>\n<p><strong>Ranpal \u00abvoz y sentir del pueblo colombiano\u00bb.<\/strong><br \/>\nBogot\u00e1 viernes 07 Noviembre 2025.<br \/>\n<strong>\u00a1Palestina Libre!<\/strong><\/p>\n","protected":false},"excerpt":{"rendered":"<p>Disfrute de esta emisi\u00f3n n\u00famero 89 de su Noticiero Nacional Impacto Colombiano, una producci\u00f3n del<\/p>\n","protected":false},"author":2,"featured_media":0,"comment_status":"open","ping_status":"open","sticky":false,"template":"","format":"standard","meta":{"h5ap_radio_sources":[],"footnotes":""},"categories":[557],"tags":[133,5,117,558,296],"class_list":["post-9901","post","type-post","status-publish","format-standard","hentry","category-noticiero-impacto-colombiano","tag-colombia","tag-eln","tag-gobierno","tag-noticiero","tag-petro"],"_links":{"self":[{"href":"https:\/\/ranpal.org\/index.php?rest_route=\/wp\/v2\/posts\/9901","targetHints":{"allow":["GET"]}}],"collection":[{"href":"https:\/\/ranpal.org\/index.php?rest_route=\/wp\/v2\/posts"}],"about":[{"href":"https:\/\/ranpal.org\/index.php?rest_route=\/wp\/v2\/types\/post"}],"author":[{"embeddable":true,"href":"https:\/\/ranpal.org\/index.php?rest_route=\/wp\/v2\/users\/2"}],"replies":[{"embeddable":true,"href":"https:\/\/ranpal.org\/index.php?rest_route=%2Fwp%2Fv2%2Fcomments&post=9901"}],"version-history":[{"count":5,"href":"https:\/\/ranpal.org\/index.php?rest_route=\/wp\/v2\/posts\/9901\/revisions"}],"predecessor-version":[{"id":9907,"href":"https:\/\/ranpal.org\/index.php?rest_route=\/wp\/v2\/posts\/9901\/revisions\/9907"}],"wp:attachment":[{"href":"https:\/\/ranpal.org\/index.php?rest_route=%2Fwp%2Fv2%2Fmedia&parent=9901"}],"wp:term":[{"taxonomy":"category","embeddable":true,"href":"https:\/\/ranpal.org\/index.php?rest_route=%2Fwp%2Fv2%2Fcategories&post=9901"},{"taxonomy":"post_tag","embeddable":true,"href":"https:\/\/ranpal.org\/index.php?rest_route=%2Fwp%2Fv2%2Ftags&post=9901"}],"curies":[{"name":"wp","href":"https:\/\/api.w.org\/{rel}","templated":true}]}}