{"id":9909,"date":"2025-11-11T13:57:24","date_gmt":"2025-11-11T13:57:24","guid":{"rendered":"https:\/\/ranpal.org\/?p=9909"},"modified":"2025-11-11T14:39:37","modified_gmt":"2025-11-11T14:39:37","slug":"a-vencer-la-logica-de-la-muerte-noticiero-nacional","status":"publish","type":"post","link":"https:\/\/ranpal.org\/?p=9909","title":{"rendered":"A VENCER LA L\u00d3GICA DE LA MUERTE. NOTICIERO NACIONAL"},"content":{"rendered":"<p>                 <a href='https:\/\/postimg.cc\/LJZbNXwP' target='_blank'><img src='https:\/\/i.postimg.cc\/JzTC7HQp\/W90-NOTICIERONACIONAL.jpg' border='0' alt='W90-NOTICIERONACIONAL'><\/a><\/p>\n<p><strong>L<\/strong>es dejamos a su alcance la emisi\u00f3n n\u00famero 90 del Noticiero Nacional Impacto Colombiano, una producci\u00f3n del <strong>Sistema Informativo Patria Libre del Ej\u00e9rcito de Liberaci\u00f3n Nacional(ELN). Escuche aqu\u00ed el editorial de la Revista semanal Insurrecci\u00f3n, <\/strong>la \u00faltima columna del Comandante Antonio Garc\u00eda, el Comunicado del Comando Central denunciando la injerencia de los gringos en Latinoam\u00e9rica, mirada econ\u00f3mica, informe de regiones y nota internacional.<\/p>\n<p><a href=\"https:\/\/radio.eln-voces.net\/public\/ranpal\/podcast\/1f0bf094-8818-6d3e-a8f5-d9696f7557db\/episode\/1f0bf0b6-e998-6754-8f4f-e7e3aaea5495\" target=\"_blank\">ESCUCHAR Y COMPARTIR AUDIO DESDE AZURCAST<\/a><\/p>\n<p><strong> Ranpal \u00abComunicaci\u00f3n para la emancipaci\u00f3n\u00bb.<\/strong><br \/>\nBogot\u00e1 martes 11 de noviembre 2025<br \/>\n<strong>\u00a1Palestina Libre!<\/strong><\/p>\n<p><iframe src=\"https:\/\/www.ivoox.com\/player_ej_162425267_6_1.html?c1=e01b24\" width=\"100%\" height=\"200\" frameborder=\"0\" allowfullscreen=\"\" scrolling=\"no\" loading=\"lazy\"><\/iframe><\/p>\n","protected":false},"excerpt":{"rendered":"<p>Les dejamos a su alcance la emisi\u00f3n n\u00famero 90 del Noticiero Nacional Impacto Colombiano, una<\/p>\n","protected":false},"author":2,"featured_media":0,"comment_status":"open","ping_status":"open","sticky":false,"template":"","format":"standard","meta":{"h5ap_radio_sources":[],"footnotes":""},"categories":[557],"tags":[133,692,558,387],"class_list":["post-9909","post","type-post","status-publish","format-standard","hentry","category-noticiero-impacto-colombiano","tag-colombia","tag-eln-guerra","tag-noticiero","tag-soberania"],"_links":{"self":[{"href":"https:\/\/ranpal.org\/index.php?rest_route=\/wp\/v2\/posts\/9909","targetHints":{"allow":["GET"]}}],"collection":[{"href":"https:\/\/ranpal.org\/index.php?rest_route=\/wp\/v2\/posts"}],"about":[{"href":"https:\/\/ranpal.org\/index.php?rest_route=\/wp\/v2\/types\/post"}],"author":[{"embeddable":true,"href":"https:\/\/ranpal.org\/index.php?rest_route=\/wp\/v2\/users\/2"}],"replies":[{"embeddable":true,"href":"https:\/\/ranpal.org\/index.php?rest_route=%2Fwp%2Fv2%2Fcomments&post=9909"}],"version-history":[{"count":6,"href":"https:\/\/ranpal.org\/index.php?rest_route=\/wp\/v2\/posts\/9909\/revisions"}],"predecessor-version":[{"id":9916,"href":"https:\/\/ranpal.org\/index.php?rest_route=\/wp\/v2\/posts\/9909\/revisions\/9916"}],"wp:attachment":[{"href":"https:\/\/ranpal.org\/index.php?rest_route=%2Fwp%2Fv2%2Fmedia&parent=9909"}],"wp:term":[{"taxonomy":"category","embeddable":true,"href":"https:\/\/ranpal.org\/index.php?rest_route=%2Fwp%2Fv2%2Fcategories&post=9909"},{"taxonomy":"post_tag","embeddable":true,"href":"https:\/\/ranpal.org\/index.php?rest_route=%2Fwp%2Fv2%2Ftags&post=9909"}],"curies":[{"name":"wp","href":"https:\/\/api.w.org\/{rel}","templated":true}]}}