{"id":9937,"date":"2025-11-18T14:40:28","date_gmt":"2025-11-18T14:40:28","guid":{"rendered":"https:\/\/ranpal.org\/?p=9937"},"modified":"2025-11-18T15:58:49","modified_gmt":"2025-11-18T15:58:49","slug":"otro-mundo-si-es-posible-noticiero-nacional","status":"publish","type":"post","link":"https:\/\/ranpal.org\/?p=9937","title":{"rendered":"OTRO MUNDO S\u00cd ES POSIBLE. NOTICIERO NACIONAL"},"content":{"rendered":"<p>           <a href='https:\/\/postimg.cc\/GHLpm3sy' target='_blank'><img src='https:\/\/i.postimg.cc\/5NvQp64n\/W92NOTICIERO-NACIONAL-IMPACTO-COL.jpg' border='0' alt='W92NOTICIERO-NACIONAL-IMPACTO-COL'><\/a><\/p>\n<p><strong>C<\/strong>ompartimos con nuestra audiencia el <strong>episodio n\u00famero 92 de su Noticiero Nacional Impacto Colombiano, voces elenas informando desde las ra\u00edces populares. Una producci\u00f3n sel Sistema Radial Patria Libre del Ej\u00e9rcito de Liberaci\u00f3n Nacional(ELN).<\/strong> Aqu\u00ed pueden disfrutar del reciente editorial del Comando Central, publicado en la Revista Insurrecci\u00f3n n\u00famero 1026, la \u00faltima columna del Comandante Antonio Garcia, nota econ\u00f3mica, informe de regiones y contexto internacional.<\/p>\n<p><a href=\"https:\/\/radio.eln-voces.net\/public\/ranpal\/podcast\/1f0c48d9-4e38-69d2-847b-e7abe2041d4e\/episode\/1f0c48df-3391-6128-847b-15ab6bed89e0\" target=\"_blank\">ESCUCHAR Y COMPARTIR AUDIO DESDE AZURACAST<\/a><\/p>\n<p><strong>Ranpal \u00abComunicaci\u00f3n para la emancipaci\u00f3n\u00bb.<\/strong><br \/>\nBogot\u00e1 martes 18 de Noviembre 2025.<br \/>\n<strong>\u00a1Palestina Libre!<\/strong><\/p>\n<p><iframe src=\"https:\/\/www.ivoox.com\/player_ej_162824045_6_1.html?c1=e42904\" width=\"100%\" height=\"200\" frameborder=\"0\" allowfullscreen=\"\" scrolling=\"no\" loading=\"lazy\"><\/iframe><\/p>\n","protected":false},"excerpt":{"rendered":"<p>Compartimos con nuestra audiencia el episodio n\u00famero 92 de su Noticiero Nacional Impacto Colombiano, voces<\/p>\n","protected":false},"author":2,"featured_media":0,"comment_status":"open","ping_status":"open","sticky":false,"template":"","format":"standard","meta":{"h5ap_radio_sources":[],"footnotes":""},"categories":[557],"tags":[133,30,655,558,138],"class_list":["post-9937","post","type-post","status-publish","format-standard","hentry","category-noticiero-impacto-colombiano","tag-colombia","tag-editorial","tag-eln-61-anos","tag-noticiero","tag-paz"],"_links":{"self":[{"href":"https:\/\/ranpal.org\/index.php?rest_route=\/wp\/v2\/posts\/9937","targetHints":{"allow":["GET"]}}],"collection":[{"href":"https:\/\/ranpal.org\/index.php?rest_route=\/wp\/v2\/posts"}],"about":[{"href":"https:\/\/ranpal.org\/index.php?rest_route=\/wp\/v2\/types\/post"}],"author":[{"embeddable":true,"href":"https:\/\/ranpal.org\/index.php?rest_route=\/wp\/v2\/users\/2"}],"replies":[{"embeddable":true,"href":"https:\/\/ranpal.org\/index.php?rest_route=%2Fwp%2Fv2%2Fcomments&post=9937"}],"version-history":[{"count":8,"href":"https:\/\/ranpal.org\/index.php?rest_route=\/wp\/v2\/posts\/9937\/revisions"}],"predecessor-version":[{"id":9950,"href":"https:\/\/ranpal.org\/index.php?rest_route=\/wp\/v2\/posts\/9937\/revisions\/9950"}],"wp:attachment":[{"href":"https:\/\/ranpal.org\/index.php?rest_route=%2Fwp%2Fv2%2Fmedia&parent=9937"}],"wp:term":[{"taxonomy":"category","embeddable":true,"href":"https:\/\/ranpal.org\/index.php?rest_route=%2Fwp%2Fv2%2Fcategories&post=9937"},{"taxonomy":"post_tag","embeddable":true,"href":"https:\/\/ranpal.org\/index.php?rest_route=%2Fwp%2Fv2%2Ftags&post=9937"}],"curies":[{"name":"wp","href":"https:\/\/api.w.org\/{rel}","templated":true}]}}